{"id":58220,"date":"2024-06-09T12:12:50","date_gmt":"2024-06-09T15:12:50","guid":{"rendered":"https:\/\/www.policiadelneuquen.gob.ar\/?p=58220"},"modified":"2024-06-10T09:04:31","modified_gmt":"2024-06-10T12:04:31","slug":"villar-rafael-q-e-p-d","status":"publish","type":"post","link":"https:\/\/www.policiadelneuquen.gob.ar\/index.php\/villar-rafael-q-e-p-d\/","title":{"rendered":"VILLAR RAFAEL (q.e.p.d.)"},"content":{"rendered":"\t\t<div data-elementor-type=\"wp-post\" data-elementor-id=\"58220\" class=\"elementor elementor-58220\">\n\t\t\t\t<div class=\"elementor-element elementor-element-28dbdf88 e-flex e-con-boxed e-con e-parent\" data-id=\"28dbdf88\" data-element_type=\"container\" data-e-type=\"container\">\n\t\t\t\t\t<div class=\"e-con-inner\">\n\t\t\t\t<div class=\"elementor-element elementor-element-5102818c elementor-widget elementor-widget-text-editor\" data-id=\"5102818c\" data-element_type=\"widget\" data-e-type=\"widget\" data-widget_type=\"text-editor.default\">\n\t\t\t\t<div class=\"elementor-widget-container\">\n\t\t\t\t\t\t\t\t\t\n<h5 class=\"wp-block-heading\">La Polic\u00eda del Neuqu\u00e9n acompa\u00f1a en este dif\u00edcil momento, ante el fallecimiento de quien en vida fuera VILLAR RAFAEL (64), padre del Oficial Principal Leonardo Rafael Villar con servicios en Comisar\u00eda 47\u00b0 de la localidad de Villa Pehuenia. y t\u00edo materno del \u00a0agente n\/c Villar Bruno con servicio en la Divisi\u00f3n Operativa DEMOSE<\/h5>\n<h5><\/h5>\n<h5 class=\"wp-block-heading\">Acompa\u00f1amos a nuestro camarada, familiares y amigos, ante tan irreparable p\u00e9rdida, elevando una plegaria para que encuentre la fortaleza que le permita sobreponerse a tanto dolor y congoja.<\/h5>\n\t\t\t\t\t\t\t\t<\/div>\n\t\t\t\t<\/div>\n\t\t\t\t\t<\/div>\n\t\t\t\t<\/div>\n\t\t\t\t<\/div>\n\t\t","protected":false},"excerpt":{"rendered":"<p>La Polic\u00eda del Neuqu\u00e9n acompa\u00f1a en este dif\u00edcil momento, ante el fallecimiento de quien en vida fuera VILLAR RAFAEL (64), padre del Oficial Principal Leonardo Rafael Villar con servicios en Comisar\u00eda 47\u00b0 de la localidad de Villa Pehuenia. y t\u00edo materno del \u00a0agente n\/c Villar Bruno con servicio en la Divisi\u00f3n Operativa DEMOSE Acompa\u00f1amos a [&hellip;]<\/p>\n","protected":false},"author":9,"featured_media":54031,"comment_status":"open","ping_status":"open","sticky":false,"template":"","format":"standard","meta":{"site-sidebar-layout":"default","site-content-layout":"","ast-site-content-layout":"default","site-content-style":"default","site-sidebar-style":"default","ast-global-header-display":"","ast-banner-title-visibility":"","ast-main-header-display":"","ast-hfb-above-header-display":"","ast-hfb-below-header-display":"","ast-hfb-mobile-header-display":"","site-post-title":"","ast-breadcrumbs-content":"","ast-featured-img":"","footer-sml-layout":"","theme-transparent-header-meta":"","adv-header-id-meta":"","stick-header-meta":"","header-above-stick-meta":"","header-main-stick-meta":"","header-below-stick-meta":"","astra-migrate-meta-layouts":"set","ast-page-background-enabled":"default","ast-page-background-meta":{"desktop":{"background-color":"","background-image":"","background-repeat":"repeat","background-position":"center center","background-size":"auto","background-attachment":"scroll","background-type":"","background-media":"","overlay-type":"","overlay-color":"","overlay-opacity":"","overlay-gradient":""},"tablet":{"background-color":"","background-image":"","background-repeat":"repeat","background-position":"center center","background-size":"auto","background-attachment":"scroll","background-type":"","background-media":"","overlay-type":"","overlay-color":"","overlay-opacity":"","overlay-gradient":""},"mobile":{"background-color":"","background-image":"","background-repeat":"repeat","background-position":"center center","background-size":"auto","background-attachment":"scroll","background-type":"","background-media":"","overlay-type":"","overlay-color":"","overlay-opacity":"","overlay-gradient":""}},"ast-content-background-meta":{"desktop":{"background-color":"var(--ast-global-color-5)","background-image":"","background-repeat":"repeat","background-position":"center center","background-size":"auto","background-attachment":"scroll","background-type":"","background-media":"","overlay-type":"","overlay-color":"","overlay-opacity":"","overlay-gradient":""},"tablet":{"background-color":"var(--ast-global-color-5)","background-image":"","background-repeat":"repeat","background-position":"center center","background-size":"auto","background-attachment":"scroll","background-type":"","background-media":"","overlay-type":"","overlay-color":"","overlay-opacity":"","overlay-gradient":""},"mobile":{"background-color":"var(--ast-global-color-5)","background-image":"","background-repeat":"repeat","background-position":"center center","background-size":"auto","background-attachment":"scroll","background-type":"","background-media":"","overlay-type":"","overlay-color":"","overlay-opacity":"","overlay-gradient":""}},"footnotes":""},"categories":[19],"tags":[],"class_list":["post-58220","post","type-post","status-publish","format-standard","has-post-thumbnail","hentry","category-necrologica"],"jetpack_featured_media_url":"https:\/\/www.policiadelneuquen.gob.ar\/wp-content\/uploads\/2024\/04\/NECROLOFICAWEB.png","_links":{"self":[{"href":"https:\/\/www.policiadelneuquen.gob.ar\/index.php\/wp-json\/wp\/v2\/posts\/58220","targetHints":{"allow":["GET"]}}],"collection":[{"href":"https:\/\/www.policiadelneuquen.gob.ar\/index.php\/wp-json\/wp\/v2\/posts"}],"about":[{"href":"https:\/\/www.policiadelneuquen.gob.ar\/index.php\/wp-json\/wp\/v2\/types\/post"}],"author":[{"embeddable":true,"href":"https:\/\/www.policiadelneuquen.gob.ar\/index.php\/wp-json\/wp\/v2\/users\/9"}],"replies":[{"embeddable":true,"href":"https:\/\/www.policiadelneuquen.gob.ar\/index.php\/wp-json\/wp\/v2\/comments?post=58220"}],"version-history":[{"count":7,"href":"https:\/\/www.policiadelneuquen.gob.ar\/index.php\/wp-json\/wp\/v2\/posts\/58220\/revisions"}],"predecessor-version":[{"id":58247,"href":"https:\/\/www.policiadelneuquen.gob.ar\/index.php\/wp-json\/wp\/v2\/posts\/58220\/revisions\/58247"}],"wp:featuredmedia":[{"embeddable":true,"href":"https:\/\/www.policiadelneuquen.gob.ar\/index.php\/wp-json\/wp\/v2\/media\/54031"}],"wp:attachment":[{"href":"https:\/\/www.policiadelneuquen.gob.ar\/index.php\/wp-json\/wp\/v2\/media?parent=58220"}],"wp:term":[{"taxonomy":"category","embeddable":true,"href":"https:\/\/www.policiadelneuquen.gob.ar\/index.php\/wp-json\/wp\/v2\/categories?post=58220"},{"taxonomy":"post_tag","embeddable":true,"href":"https:\/\/www.policiadelneuquen.gob.ar\/index.php\/wp-json\/wp\/v2\/tags?post=58220"}],"curies":[{"name":"wp","href":"https:\/\/api.w.org\/{rel}","templated":true}]}}