{"id":58260,"date":"2024-06-13T15:04:42","date_gmt":"2024-06-13T18:04:42","guid":{"rendered":"https:\/\/www.policiadelneuquen.gob.ar\/?p=58260"},"modified":"2024-06-13T15:09:04","modified_gmt":"2024-06-13T18:09:04","slug":"sargento-godoy-jonatan-ernesto-q-e-p-d","status":"publish","type":"post","link":"https:\/\/www.policiadelneuquen.gob.ar\/index.php\/sargento-godoy-jonatan-ernesto-q-e-p-d\/","title":{"rendered":"SARGENTO GODOY JONATAN ERNESTO (Q.E.P.D)"},"content":{"rendered":"\t\t<div data-elementor-type=\"wp-post\" data-elementor-id=\"58260\" class=\"elementor elementor-58260\">\n\t\t\t\t<div class=\"elementor-element elementor-element-20b92473 e-flex e-con-boxed e-con e-parent\" data-id=\"20b92473\" data-element_type=\"container\" data-e-type=\"container\">\n\t\t\t\t\t<div class=\"e-con-inner\">\n\t\t\t\t<div class=\"elementor-element elementor-element-5eccdfa5 elementor-widget elementor-widget-text-editor\" data-id=\"5eccdfa5\" data-element_type=\"widget\" data-e-type=\"widget\" data-widget_type=\"text-editor.default\">\n\t\t\t\t<div class=\"elementor-widget-container\">\n\t\t\t\t\t\t\t\t\t\n<h3 class=\"wp-block-heading\">La Polic\u00eda del Neuqu\u00e9n acompa\u00f1a en este dif\u00edcil momento, ante el fallecimiento de quien en vida fuera el SARGENTO GODOY JONATAN ERNESTO con servicio en la Divisi\u00f3n Tr\u00e1nsito Neuqu\u00e9n, hermano del Subcomisario Valenzuela Juan Marcelo con servicio en Comisar\u00eda 5ta. Centenario.<\/h3>\n<h3><\/h3>\n<h3 class=\"wp-block-heading\">Acompa\u00f1amos a nuestro camarada, familiares y amigos, ante tan irreparable p\u00e9rdida, elevando una plegaria para que encuentre la fortaleza que le permita sobreponerse a tanto dolor y congoja<\/h3>\n\t\t\t\t\t\t\t\t<\/div>\n\t\t\t\t<\/div>\n\t\t\t\t\t<\/div>\n\t\t\t\t<\/div>\n\t\t\t\t<\/div>\n\t\t","protected":false},"excerpt":{"rendered":"<p>La Polic\u00eda del Neuqu\u00e9n acompa\u00f1a en este dif\u00edcil momento, ante el fallecimiento de quien en vida fuera el SARGENTO GODOY JONATAN ERNESTO con servicio en la Divisi\u00f3n Tr\u00e1nsito Neuqu\u00e9n, hermano del Subcomisario Valenzuela Juan Marcelo con servicio en Comisar\u00eda 5ta. Centenario. Acompa\u00f1amos a nuestro camarada, familiares y amigos, ante tan irreparable p\u00e9rdida, elevando una plegaria [&hellip;]<\/p>\n","protected":false},"author":6,"featured_media":57244,"comment_status":"open","ping_status":"open","sticky":false,"template":"","format":"standard","meta":{"site-sidebar-layout":"default","site-content-layout":"","ast-site-content-layout":"default","site-content-style":"default","site-sidebar-style":"default","ast-global-header-display":"","ast-banner-title-visibility":"","ast-main-header-display":"","ast-hfb-above-header-display":"","ast-hfb-below-header-display":"","ast-hfb-mobile-header-display":"","site-post-title":"","ast-breadcrumbs-content":"","ast-featured-img":"","footer-sml-layout":"","theme-transparent-header-meta":"","adv-header-id-meta":"","stick-header-meta":"","header-above-stick-meta":"","header-main-stick-meta":"","header-below-stick-meta":"","astra-migrate-meta-layouts":"set","ast-page-background-enabled":"default","ast-page-background-meta":{"desktop":{"background-color":"","background-image":"","background-repeat":"repeat","background-position":"center center","background-size":"auto","background-attachment":"scroll","background-type":"","background-media":"","overlay-type":"","overlay-color":"","overlay-opacity":"","overlay-gradient":""},"tablet":{"background-color":"","background-image":"","background-repeat":"repeat","background-position":"center center","background-size":"auto","background-attachment":"scroll","background-type":"","background-media":"","overlay-type":"","overlay-color":"","overlay-opacity":"","overlay-gradient":""},"mobile":{"background-color":"","background-image":"","background-repeat":"repeat","background-position":"center center","background-size":"auto","background-attachment":"scroll","background-type":"","background-media":"","overlay-type":"","overlay-color":"","overlay-opacity":"","overlay-gradient":""}},"ast-content-background-meta":{"desktop":{"background-color":"var(--ast-global-color-5)","background-image":"","background-repeat":"repeat","background-position":"center center","background-size":"auto","background-attachment":"scroll","background-type":"","background-media":"","overlay-type":"","overlay-color":"","overlay-opacity":"","overlay-gradient":""},"tablet":{"background-color":"var(--ast-global-color-5)","background-image":"","background-repeat":"repeat","background-position":"center center","background-size":"auto","background-attachment":"scroll","background-type":"","background-media":"","overlay-type":"","overlay-color":"","overlay-opacity":"","overlay-gradient":""},"mobile":{"background-color":"var(--ast-global-color-5)","background-image":"","background-repeat":"repeat","background-position":"center center","background-size":"auto","background-attachment":"scroll","background-type":"","background-media":"","overlay-type":"","overlay-color":"","overlay-opacity":"","overlay-gradient":""}},"footnotes":""},"categories":[19],"tags":[],"class_list":["post-58260","post","type-post","status-publish","format-standard","has-post-thumbnail","hentry","category-necrologica"],"jetpack_featured_media_url":"https:\/\/www.policiadelneuquen.gob.ar\/wp-content\/uploads\/2024\/05\/NECROLOFICAWEB-1.png","_links":{"self":[{"href":"https:\/\/www.policiadelneuquen.gob.ar\/index.php\/wp-json\/wp\/v2\/posts\/58260","targetHints":{"allow":["GET"]}}],"collection":[{"href":"https:\/\/www.policiadelneuquen.gob.ar\/index.php\/wp-json\/wp\/v2\/posts"}],"about":[{"href":"https:\/\/www.policiadelneuquen.gob.ar\/index.php\/wp-json\/wp\/v2\/types\/post"}],"author":[{"embeddable":true,"href":"https:\/\/www.policiadelneuquen.gob.ar\/index.php\/wp-json\/wp\/v2\/users\/6"}],"replies":[{"embeddable":true,"href":"https:\/\/www.policiadelneuquen.gob.ar\/index.php\/wp-json\/wp\/v2\/comments?post=58260"}],"version-history":[{"count":5,"href":"https:\/\/www.policiadelneuquen.gob.ar\/index.php\/wp-json\/wp\/v2\/posts\/58260\/revisions"}],"predecessor-version":[{"id":58265,"href":"https:\/\/www.policiadelneuquen.gob.ar\/index.php\/wp-json\/wp\/v2\/posts\/58260\/revisions\/58265"}],"wp:featuredmedia":[{"embeddable":true,"href":"https:\/\/www.policiadelneuquen.gob.ar\/index.php\/wp-json\/wp\/v2\/media\/57244"}],"wp:attachment":[{"href":"https:\/\/www.policiadelneuquen.gob.ar\/index.php\/wp-json\/wp\/v2\/media?parent=58260"}],"wp:term":[{"taxonomy":"category","embeddable":true,"href":"https:\/\/www.policiadelneuquen.gob.ar\/index.php\/wp-json\/wp\/v2\/categories?post=58260"},{"taxonomy":"post_tag","embeddable":true,"href":"https:\/\/www.policiadelneuquen.gob.ar\/index.php\/wp-json\/wp\/v2\/tags?post=58260"}],"curies":[{"name":"wp","href":"https:\/\/api.w.org\/{rel}","templated":true}]}}