{"id":9336,"date":"2021-08-13T11:44:05","date_gmt":"2021-08-13T14:44:05","guid":{"rendered":"https:\/\/www.policiadelneuquen.gob.ar\/?p=9336"},"modified":"2021-08-13T11:51:50","modified_gmt":"2021-08-13T14:51:50","slug":"1139-cria-5ta-tres-demorados-con-un-arma-de-fuego-y-municiones","status":"publish","type":"post","link":"https:\/\/www.policiadelneuquen.gob.ar\/index.php\/1139-cria-5ta-tres-demorados-con-un-arma-de-fuego-y-municiones\/","title":{"rendered":"11:39 Cr\u00eda 5ta: Tres demorados con un arma de fuego y municiones"},"content":{"rendered":"\t\t<div data-elementor-type=\"wp-post\" data-elementor-id=\"9336\" class=\"elementor elementor-9336\">\n\t\t\t\t\t\t<section class=\"elementor-section elementor-top-section elementor-element elementor-element-4073c543 elementor-section-boxed elementor-section-height-default elementor-section-height-default\" data-id=\"4073c543\" data-element_type=\"section\" data-e-type=\"section\">\n\t\t\t\t\t\t<div class=\"elementor-container elementor-column-gap-default\">\n\t\t\t\t\t<div class=\"elementor-column elementor-col-100 elementor-top-column elementor-element elementor-element-6b062356\" data-id=\"6b062356\" data-element_type=\"column\" data-e-type=\"column\">\n\t\t\t<div class=\"elementor-widget-wrap elementor-element-populated\">\n\t\t\t\t\t\t<div class=\"elementor-element elementor-element-70558756 elementor-widget elementor-widget-text-editor\" data-id=\"70558756\" data-element_type=\"widget\" data-e-type=\"widget\" data-widget_type=\"text-editor.default\">\n\t\t\t\t<div class=\"elementor-widget-container\">\n\t\t\t\t\t\t\t\t\t<p><\/p>\n<p class=\"MsoNormal\">Ayer (12\/08), personal policial demor\u00f3\na tres sujetos de 31, 28 y 25 a\u00f1os, adem\u00e1s secuestr\u00f3 un arma de fuego de fabricaci\u00f3n\ncasera, municiones y el veh\u00edculo en el que se movilizaban tras un procedimiento\nllevado a cabo en Centenario.<\/p>\n<p>Todo comenz\u00f3 pasadas las 22.00, cuando uniformados que realizaban tareas preventivas por calle Puerto Argentino y Nahuel observaron un autom\u00f3vil Fiat Duna de color rojo con tres ocupantes en el interior. El conductor de dicho rodado al percatarse de la presencia del m\u00f3vil emprendi\u00f3 la huida, siendo interceptado en calle Nahuel e Ilia, donde las personas se desprendieron de elementos.<\/p>\n<p><\/p>\n<p><\/p>\n<p>Al realizar la identificaci\u00f3n, los efectivos corroboraron que se trataba de un arma de fabricaci\u00f3n casera tipo tambera, la cual ten\u00eda una munici\u00f3n en su interior, como as\u00ed una bolsa que conten\u00eda municiones calibre 16 y 12. Adem\u00e1s observaron que en el interior del rodado hab\u00eda dos municiones m\u00e1s sobre el torpedo y un televisor junto a un equipo de m\u00fasica en la parte posterior.<\/p>\n<p><\/p>\n<p><\/p>\n<p>Finalmente, los individuos fueron demorados y trasladados junto a los elementos secuestrados a sede policial, quedando a disposici\u00f3n de la Justicia.<\/p>\n<p><\/p>\t\t\t\t\t\t\t\t<\/div>\n\t\t\t\t<\/div>\n\t\t\t\t\t<\/div>\n\t\t<\/div>\n\t\t\t\t\t<\/div>\n\t\t<\/section>\n\t\t\t\t<section class=\"elementor-section elementor-top-section elementor-element elementor-element-c21f2f0 elementor-section-boxed elementor-section-height-default elementor-section-height-default\" data-id=\"c21f2f0\" data-element_type=\"section\" data-e-type=\"section\">\n\t\t\t\t\t\t<div class=\"elementor-container elementor-column-gap-default\">\n\t\t\t\t\t<div class=\"elementor-column elementor-col-100 elementor-top-column elementor-element elementor-element-0ff5b6e\" data-id=\"0ff5b6e\" data-element_type=\"column\" data-e-type=\"column\">\n\t\t\t<div class=\"elementor-widget-wrap elementor-element-populated\">\n\t\t\t\t\t\t<div class=\"elementor-element elementor-element-61f66d5 elementor-widget elementor-widget-image-gallery\" data-id=\"61f66d5\" data-element_type=\"widget\" data-e-type=\"widget\" data-widget_type=\"image-gallery.default\">\n\t\t\t\t<div class=\"elementor-widget-container\">\n\t\t\t\t\t\t\t<div class=\"elementor-image-gallery\">\n\t\t\t<div id='gallery-3' class='gallery galleryid-9336 gallery-columns-4 gallery-size-thumbnail'><figure class='gallery-item'>\n\t\t\t<div class='gallery-icon portrait'>\n\t\t\t\t<a data-elementor-open-lightbox=\"yes\" data-elementor-lightbox-slideshow=\"61f66d5\" data-elementor-lightbox-title=\"5ta-5\" data-e-action-hash=\"#elementor-action%3Aaction%3Dlightbox%26settings%3DeyJpZCI6OTM0MSwidXJsIjoiaHR0cHM6XC9cL3d3dy5wb2xpY2lhZGVsbmV1cXVlbi5nb2IuYXJcL3dwLWNvbnRlbnRcL3VwbG9hZHNcLzIwMjFcLzA4XC81dGEtNS5qcGVnIiwic2xpZGVzaG93IjoiNjFmNjZkNSJ9\" href='https:\/\/www.policiadelneuquen.gob.ar\/wp-content\/uploads\/2021\/08\/5ta-5.jpeg'><img decoding=\"async\" width=\"150\" height=\"150\" src=\"https:\/\/www.policiadelneuquen.gob.ar\/wp-content\/uploads\/2021\/08\/5ta-5-150x150.jpeg\" class=\"attachment-thumbnail size-thumbnail\" alt=\"\" srcset=\"https:\/\/www.policiadelneuquen.gob.ar\/wp-content\/uploads\/2021\/08\/5ta-5-150x150.jpeg 150w, https:\/\/www.policiadelneuquen.gob.ar\/wp-content\/uploads\/2021\/08\/5ta-5-250x250.jpeg 250w\" sizes=\"(max-width: 150px) 100vw, 150px\" \/><\/a>\n\t\t\t<\/div><\/figure><figure class='gallery-item'>\n\t\t\t<div class='gallery-icon portrait'>\n\t\t\t\t<a data-elementor-open-lightbox=\"yes\" data-elementor-lightbox-slideshow=\"61f66d5\" data-elementor-lightbox-title=\"5ta-3\" data-e-action-hash=\"#elementor-action%3Aaction%3Dlightbox%26settings%3DeyJpZCI6OTMzOSwidXJsIjoiaHR0cHM6XC9cL3d3dy5wb2xpY2lhZGVsbmV1cXVlbi5nb2IuYXJcL3dwLWNvbnRlbnRcL3VwbG9hZHNcLzIwMjFcLzA4XC81dGEtMy5qcGVnIiwic2xpZGVzaG93IjoiNjFmNjZkNSJ9\" href='https:\/\/www.policiadelneuquen.gob.ar\/wp-content\/uploads\/2021\/08\/5ta-3.jpeg'><img decoding=\"async\" width=\"150\" height=\"150\" src=\"https:\/\/www.policiadelneuquen.gob.ar\/wp-content\/uploads\/2021\/08\/5ta-3-150x150.jpeg\" class=\"attachment-thumbnail size-thumbnail\" alt=\"\" srcset=\"https:\/\/www.policiadelneuquen.gob.ar\/wp-content\/uploads\/2021\/08\/5ta-3-150x150.jpeg 150w, https:\/\/www.policiadelneuquen.gob.ar\/wp-content\/uploads\/2021\/08\/5ta-3-250x250.jpeg 250w\" sizes=\"(max-width: 150px) 100vw, 150px\" \/><\/a>\n\t\t\t<\/div><\/figure><figure class='gallery-item'>\n\t\t\t<div class='gallery-icon landscape'>\n\t\t\t\t<a data-elementor-open-lightbox=\"yes\" data-elementor-lightbox-slideshow=\"61f66d5\" data-elementor-lightbox-title=\"5ta-2\" data-e-action-hash=\"#elementor-action%3Aaction%3Dlightbox%26settings%3DeyJpZCI6OTMzOCwidXJsIjoiaHR0cHM6XC9cL3d3dy5wb2xpY2lhZGVsbmV1cXVlbi5nb2IuYXJcL3dwLWNvbnRlbnRcL3VwbG9hZHNcLzIwMjFcLzA4XC81dGEtMi5qcGVnIiwic2xpZGVzaG93IjoiNjFmNjZkNSJ9\" href='https:\/\/www.policiadelneuquen.gob.ar\/wp-content\/uploads\/2021\/08\/5ta-2.jpeg'><img decoding=\"async\" width=\"150\" height=\"150\" src=\"https:\/\/www.policiadelneuquen.gob.ar\/wp-content\/uploads\/2021\/08\/5ta-2-150x150.jpeg\" class=\"attachment-thumbnail size-thumbnail\" alt=\"\" srcset=\"https:\/\/www.policiadelneuquen.gob.ar\/wp-content\/uploads\/2021\/08\/5ta-2-150x150.jpeg 150w, https:\/\/www.policiadelneuquen.gob.ar\/wp-content\/uploads\/2021\/08\/5ta-2-250x250.jpeg 250w\" sizes=\"(max-width: 150px) 100vw, 150px\" \/><\/a>\n\t\t\t<\/div><\/figure><figure class='gallery-item'>\n\t\t\t<div class='gallery-icon portrait'>\n\t\t\t\t<a data-elementor-open-lightbox=\"yes\" data-elementor-lightbox-slideshow=\"61f66d5\" data-elementor-lightbox-title=\"5ta-1\" data-e-action-hash=\"#elementor-action%3Aaction%3Dlightbox%26settings%3DeyJpZCI6OTMzNywidXJsIjoiaHR0cHM6XC9cL3d3dy5wb2xpY2lhZGVsbmV1cXVlbi5nb2IuYXJcL3dwLWNvbnRlbnRcL3VwbG9hZHNcLzIwMjFcLzA4XC81dGEtMS5qcGVnIiwic2xpZGVzaG93IjoiNjFmNjZkNSJ9\" href='https:\/\/www.policiadelneuquen.gob.ar\/wp-content\/uploads\/2021\/08\/5ta-1.jpeg'><img loading=\"lazy\" decoding=\"async\" width=\"150\" height=\"150\" src=\"https:\/\/www.policiadelneuquen.gob.ar\/wp-content\/uploads\/2021\/08\/5ta-1-150x150.jpeg\" class=\"attachment-thumbnail size-thumbnail\" alt=\"\" srcset=\"https:\/\/www.policiadelneuquen.gob.ar\/wp-content\/uploads\/2021\/08\/5ta-1-150x150.jpeg 150w, https:\/\/www.policiadelneuquen.gob.ar\/wp-content\/uploads\/2021\/08\/5ta-1-250x250.jpeg 250w\" sizes=\"(max-width: 150px) 100vw, 150px\" \/><\/a>\n\t\t\t<\/div><\/figure>\n\t\t<\/div>\n\t\t<\/div>\n\t\t\t\t\t\t<\/div>\n\t\t\t\t<\/div>\n\t\t\t\t\t<\/div>\n\t\t<\/div>\n\t\t\t\t\t<\/div>\n\t\t<\/section>\n\t\t\t\t<\/div>\n\t\t","protected":false},"excerpt":{"rendered":"<p>Ayer (12\/08), personal policial demor\u00f3 a tres sujetos de 31, 28 y 25 a\u00f1os, adem\u00e1s secuestr\u00f3 un arma de fuego de fabricaci\u00f3n casera, municiones y el veh\u00edculo en el que se movilizaban tras un procedimiento llevado a cabo en Centenario. Todo comenz\u00f3 pasadas las 22.00, cuando uniformados que realizaban tareas preventivas por calle Puerto Argentino [&hellip;]<\/p>\n","protected":false},"author":6,"featured_media":9340,"comment_status":"open","ping_status":"open","sticky":false,"template":"","format":"standard","meta":{"site-sidebar-layout":"default","site-content-layout":"","ast-site-content-layout":"","site-content-style":"default","site-sidebar-style":"default","ast-global-header-display":"","ast-banner-title-visibility":"","ast-main-header-display":"","ast-hfb-above-header-display":"","ast-hfb-below-header-display":"","ast-hfb-mobile-header-display":"","site-post-title":"","ast-breadcrumbs-content":"","ast-featured-img":"","footer-sml-layout":"","theme-transparent-header-meta":"","adv-header-id-meta":"","stick-header-meta":"","header-above-stick-meta":"","header-main-stick-meta":"","header-below-stick-meta":"","astra-migrate-meta-layouts":"default","ast-page-background-enabled":"default","ast-page-background-meta":{"desktop":{"background-color":"","background-image":"","background-repeat":"repeat","background-position":"center center","background-size":"auto","background-attachment":"scroll","background-type":"","background-media":"","overlay-type":"","overlay-color":"","overlay-opacity":"","overlay-gradient":""},"tablet":{"background-color":"","background-image":"","background-repeat":"repeat","background-position":"center center","background-size":"auto","background-attachment":"scroll","background-type":"","background-media":"","overlay-type":"","overlay-color":"","overlay-opacity":"","overlay-gradient":""},"mobile":{"background-color":"","background-image":"","background-repeat":"repeat","background-position":"center center","background-size":"auto","background-attachment":"scroll","background-type":"","background-media":"","overlay-type":"","overlay-color":"","overlay-opacity":"","overlay-gradient":""}},"ast-content-background-meta":{"desktop":{"background-color":"var(--ast-global-color-5)","background-image":"","background-repeat":"repeat","background-position":"center center","background-size":"auto","background-attachment":"scroll","background-type":"","background-media":"","overlay-type":"","overlay-color":"","overlay-opacity":"","overlay-gradient":""},"tablet":{"background-color":"var(--ast-global-color-5)","background-image":"","background-repeat":"repeat","background-position":"center center","background-size":"auto","background-attachment":"scroll","background-type":"","background-media":"","overlay-type":"","overlay-color":"","overlay-opacity":"","overlay-gradient":""},"mobile":{"background-color":"var(--ast-global-color-5)","background-image":"","background-repeat":"repeat","background-position":"center center","background-size":"auto","background-attachment":"scroll","background-type":"","background-media":"","overlay-type":"","overlay-color":"","overlay-opacity":"","overlay-gradient":""}},"footnotes":""},"categories":[1],"tags":[],"class_list":["post-9336","post","type-post","status-publish","format-standard","has-post-thumbnail","hentry","category-sin-categorizar"],"jetpack_featured_media_url":"https:\/\/www.policiadelneuquen.gob.ar\/wp-content\/uploads\/2021\/08\/5ta-4.jpeg","_links":{"self":[{"href":"https:\/\/www.policiadelneuquen.gob.ar\/index.php\/wp-json\/wp\/v2\/posts\/9336","targetHints":{"allow":["GET"]}}],"collection":[{"href":"https:\/\/www.policiadelneuquen.gob.ar\/index.php\/wp-json\/wp\/v2\/posts"}],"about":[{"href":"https:\/\/www.policiadelneuquen.gob.ar\/index.php\/wp-json\/wp\/v2\/types\/post"}],"author":[{"embeddable":true,"href":"https:\/\/www.policiadelneuquen.gob.ar\/index.php\/wp-json\/wp\/v2\/users\/6"}],"replies":[{"embeddable":true,"href":"https:\/\/www.policiadelneuquen.gob.ar\/index.php\/wp-json\/wp\/v2\/comments?post=9336"}],"version-history":[{"count":13,"href":"https:\/\/www.policiadelneuquen.gob.ar\/index.php\/wp-json\/wp\/v2\/posts\/9336\/revisions"}],"predecessor-version":[{"id":9354,"href":"https:\/\/www.policiadelneuquen.gob.ar\/index.php\/wp-json\/wp\/v2\/posts\/9336\/revisions\/9354"}],"wp:featuredmedia":[{"embeddable":true,"href":"https:\/\/www.policiadelneuquen.gob.ar\/index.php\/wp-json\/wp\/v2\/media\/9340"}],"wp:attachment":[{"href":"https:\/\/www.policiadelneuquen.gob.ar\/index.php\/wp-json\/wp\/v2\/media?parent=9336"}],"wp:term":[{"taxonomy":"category","embeddable":true,"href":"https:\/\/www.policiadelneuquen.gob.ar\/index.php\/wp-json\/wp\/v2\/categories?post=9336"},{"taxonomy":"post_tag","embeddable":true,"href":"https:\/\/www.policiadelneuquen.gob.ar\/index.php\/wp-json\/wp\/v2\/tags?post=9336"}],"curies":[{"name":"wp","href":"https:\/\/api.w.org\/{rel}","templated":true}]}}