{"id":9366,"date":"2021-08-13T14:46:17","date_gmt":"2021-08-13T17:46:17","guid":{"rendered":"https:\/\/www.policiadelneuquen.gob.ar\/?p=9366"},"modified":"2021-08-13T17:24:19","modified_gmt":"2021-08-13T20:24:19","slug":"1444dtn-finalizo-el-segundo-curso-de-motorista-a-empleados-municipales-de-neuquen","status":"publish","type":"post","link":"https:\/\/www.policiadelneuquen.gob.ar\/index.php\/1444dtn-finalizo-el-segundo-curso-de-motorista-a-empleados-municipales-de-neuquen\/","title":{"rendered":"14:44 DTN: Finaliz\u00f3 el segundo Curso de Motorista dirigido a empleados municipales de Neuqu\u00e9n"},"content":{"rendered":"\t\t<div data-elementor-type=\"wp-post\" data-elementor-id=\"9366\" class=\"elementor elementor-9366\">\n\t\t\t\t\t\t<section class=\"elementor-section elementor-top-section elementor-element elementor-element-6260c776 elementor-section-boxed elementor-section-height-default elementor-section-height-default\" data-id=\"6260c776\" data-element_type=\"section\" data-e-type=\"section\">\n\t\t\t\t\t\t<div class=\"elementor-container elementor-column-gap-default\">\n\t\t\t\t\t<div class=\"elementor-column elementor-col-100 elementor-top-column elementor-element elementor-element-73dfce6d\" data-id=\"73dfce6d\" data-element_type=\"column\" data-e-type=\"column\">\n\t\t\t<div class=\"elementor-widget-wrap elementor-element-populated\">\n\t\t\t\t\t\t<div class=\"elementor-element elementor-element-3964dab9 elementor-widget elementor-widget-text-editor\" data-id=\"3964dab9\" data-element_type=\"widget\" data-e-type=\"widget\" data-widget_type=\"text-editor.default\">\n\t\t\t\t<div class=\"elementor-widget-container\">\n\t\t\t\t\t\t\t\t\t\n<p>Esta ma\u00f1ana (13\/08) finaliz\u00f3 el Segundo Curso Motorista, dictado a Inspectores de Tr\u00e1nsito de la Municipalidad de Neuqu\u00e9n y fue llevado a cabo por personal de la Divisi\u00f3n Capacitaci\u00f3n y Educaci\u00f3n Vial dependiente de la Direcci\u00f3n Tr\u00e1nsito Neuqu\u00e9n.<\/p>\n\n\n\n<p>La capacitaci\u00f3n inici\u00f3 el pasado lunes en las instalaciones de la Direcci\u00f3n Tr\u00e1nsito Neuqu\u00e9n, ubicada en calle R\u00edo Colorado 350 y cont\u00f3 con la participaci\u00f3n de diez empleados de la mencionada \u00e1rea municipal.<\/p>\n\n\n\n<p>En cada encuentro que consisti\u00f3 de en clases te\u00f3rico-pr\u00e1ctico se abordaron temas como: Introducci\u00f3n al motorista; diagn\u00f3stico de conducci\u00f3n; dispositivo de desfile; liderazgo; formaci\u00f3n; control de la moto en asfalto; estacionamiento; destreza y estabilidad en conducci\u00f3n (Diversos tipos de pasaje de conos &#8220;SLALOM&#8221;); reconocimiento de campo en arena &#8220;Zona de Bardas&#8221;; conducci\u00f3n en terreno adverso; ascenso y descenso en arenal: resoluci\u00f3n de situaciones adversas; reconocimiento de terreno &#8220;Sector El Picadero&#8221;; conducci\u00f3n en terreno adverso; ascenso y descenso en arenal; resoluci\u00f3n de situaciones adversas; introducci\u00f3n al Cuatriciclo; resoluci\u00f3n en situaci\u00f3n en las que se cae la motocicleta; procedimiento de Identificaci\u00f3n de personas y Mec\u00e1nica ligera&nbsp;<\/p>\n\n\n\n<p>Durante esta \u00faltima jornada estuvo presente el titular de la Direcci\u00f3n Comisario Mayor Roberto Bello, junto al Subsecretario de Medio Ambiente y Protecci\u00f3n Ciudadana de la Municipalidad del Neuqu\u00e9n Francisco Baggio, quienes adem\u00e1s de felicitar a los cursantes, destacaron la importancia del trabajo Interinstitucional en materia de Capacitaci\u00f3n.&nbsp;<\/p>\n\t\t\t\t\t\t\t\t<\/div>\n\t\t\t\t<\/div>\n\t\t\t\t\t<\/div>\n\t\t<\/div>\n\t\t\t\t\t<\/div>\n\t\t<\/section>\n\t\t\t\t<section class=\"elementor-section elementor-top-section elementor-element elementor-element-ebf65b5 elementor-section-boxed elementor-section-height-default elementor-section-height-default\" data-id=\"ebf65b5\" data-element_type=\"section\" data-e-type=\"section\">\n\t\t\t\t\t\t<div class=\"elementor-container elementor-column-gap-default\">\n\t\t\t\t\t<div class=\"elementor-column elementor-col-100 elementor-top-column elementor-element elementor-element-c0897d9\" data-id=\"c0897d9\" data-element_type=\"column\" data-e-type=\"column\">\n\t\t\t<div class=\"elementor-widget-wrap elementor-element-populated\">\n\t\t\t\t\t\t<div class=\"elementor-element elementor-element-3fe4982 elementor-widget elementor-widget-image-gallery\" data-id=\"3fe4982\" data-element_type=\"widget\" data-e-type=\"widget\" data-widget_type=\"image-gallery.default\">\n\t\t\t\t<div class=\"elementor-widget-container\">\n\t\t\t\t\t\t\t<div class=\"elementor-image-gallery\">\n\t\t\t<div id='gallery-2' class='gallery galleryid-9366 gallery-columns-4 gallery-size-thumbnail'><figure class='gallery-item'>\n\t\t\t<div class='gallery-icon landscape'>\n\t\t\t\t<a data-elementor-open-lightbox=\"yes\" data-elementor-lightbox-slideshow=\"3fe4982\" data-elementor-lightbox-title=\"1\" data-e-action-hash=\"#elementor-action%3Aaction%3Dlightbox%26settings%3DeyJpZCI6OTM2OSwidXJsIjoiaHR0cHM6XC9cL3d3dy5wb2xpY2lhZGVsbmV1cXVlbi5nb2IuYXJcL3dwLWNvbnRlbnRcL3VwbG9hZHNcLzIwMjFcLzA4XC8xLTMuanBlZyIsInNsaWRlc2hvdyI6IjNmZTQ5ODIifQ%3D%3D\" href='https:\/\/www.policiadelneuquen.gob.ar\/wp-content\/uploads\/2021\/08\/1-3.jpeg'><img decoding=\"async\" width=\"150\" height=\"150\" src=\"https:\/\/www.policiadelneuquen.gob.ar\/wp-content\/uploads\/2021\/08\/1-3-150x150.jpeg\" class=\"attachment-thumbnail size-thumbnail\" alt=\"\" srcset=\"https:\/\/www.policiadelneuquen.gob.ar\/wp-content\/uploads\/2021\/08\/1-3-150x150.jpeg 150w, https:\/\/www.policiadelneuquen.gob.ar\/wp-content\/uploads\/2021\/08\/1-3-250x250.jpeg 250w\" sizes=\"(max-width: 150px) 100vw, 150px\" \/><\/a>\n\t\t\t<\/div><\/figure><figure class='gallery-item'>\n\t\t\t<div class='gallery-icon landscape'>\n\t\t\t\t<a data-elementor-open-lightbox=\"yes\" data-elementor-lightbox-slideshow=\"3fe4982\" data-elementor-lightbox-title=\"2\" data-e-action-hash=\"#elementor-action%3Aaction%3Dlightbox%26settings%3DeyJpZCI6OTM3MCwidXJsIjoiaHR0cHM6XC9cL3d3dy5wb2xpY2lhZGVsbmV1cXVlbi5nb2IuYXJcL3dwLWNvbnRlbnRcL3VwbG9hZHNcLzIwMjFcLzA4XC8yLTIuanBlZyIsInNsaWRlc2hvdyI6IjNmZTQ5ODIifQ%3D%3D\" href='https:\/\/www.policiadelneuquen.gob.ar\/wp-content\/uploads\/2021\/08\/2-2.jpeg'><img decoding=\"async\" width=\"150\" height=\"150\" src=\"https:\/\/www.policiadelneuquen.gob.ar\/wp-content\/uploads\/2021\/08\/2-2-150x150.jpeg\" class=\"attachment-thumbnail size-thumbnail\" alt=\"\" srcset=\"https:\/\/www.policiadelneuquen.gob.ar\/wp-content\/uploads\/2021\/08\/2-2-150x150.jpeg 150w, https:\/\/www.policiadelneuquen.gob.ar\/wp-content\/uploads\/2021\/08\/2-2-250x250.jpeg 250w\" sizes=\"(max-width: 150px) 100vw, 150px\" \/><\/a>\n\t\t\t<\/div><\/figure><figure class='gallery-item'>\n\t\t\t<div class='gallery-icon landscape'>\n\t\t\t\t<a data-elementor-open-lightbox=\"yes\" data-elementor-lightbox-slideshow=\"3fe4982\" data-elementor-lightbox-title=\"3\" data-e-action-hash=\"#elementor-action%3Aaction%3Dlightbox%26settings%3DeyJpZCI6OTM3MSwidXJsIjoiaHR0cHM6XC9cL3d3dy5wb2xpY2lhZGVsbmV1cXVlbi5nb2IuYXJcL3dwLWNvbnRlbnRcL3VwbG9hZHNcLzIwMjFcLzA4XC8zLTEuanBlZyIsInNsaWRlc2hvdyI6IjNmZTQ5ODIifQ%3D%3D\" href='https:\/\/www.policiadelneuquen.gob.ar\/wp-content\/uploads\/2021\/08\/3-1.jpeg'><img decoding=\"async\" width=\"150\" height=\"150\" src=\"https:\/\/www.policiadelneuquen.gob.ar\/wp-content\/uploads\/2021\/08\/3-1-150x150.jpeg\" class=\"attachment-thumbnail size-thumbnail\" alt=\"\" srcset=\"https:\/\/www.policiadelneuquen.gob.ar\/wp-content\/uploads\/2021\/08\/3-1-150x150.jpeg 150w, https:\/\/www.policiadelneuquen.gob.ar\/wp-content\/uploads\/2021\/08\/3-1-250x250.jpeg 250w\" sizes=\"(max-width: 150px) 100vw, 150px\" \/><\/a>\n\t\t\t<\/div><\/figure><figure class='gallery-item'>\n\t\t\t<div class='gallery-icon landscape'>\n\t\t\t\t<a data-elementor-open-lightbox=\"yes\" data-elementor-lightbox-slideshow=\"3fe4982\" data-elementor-lightbox-title=\"4\" data-e-action-hash=\"#elementor-action%3Aaction%3Dlightbox%26settings%3DeyJpZCI6OTM3MywidXJsIjoiaHR0cHM6XC9cL3d3dy5wb2xpY2lhZGVsbmV1cXVlbi5nb2IuYXJcL3dwLWNvbnRlbnRcL3VwbG9hZHNcLzIwMjFcLzA4XC80LTEuanBlZyIsInNsaWRlc2hvdyI6IjNmZTQ5ODIifQ%3D%3D\" href='https:\/\/www.policiadelneuquen.gob.ar\/wp-content\/uploads\/2021\/08\/4-1.jpeg'><img loading=\"lazy\" decoding=\"async\" width=\"150\" height=\"150\" src=\"https:\/\/www.policiadelneuquen.gob.ar\/wp-content\/uploads\/2021\/08\/4-1-150x150.jpeg\" class=\"attachment-thumbnail size-thumbnail\" alt=\"\" srcset=\"https:\/\/www.policiadelneuquen.gob.ar\/wp-content\/uploads\/2021\/08\/4-1-150x150.jpeg 150w, https:\/\/www.policiadelneuquen.gob.ar\/wp-content\/uploads\/2021\/08\/4-1-250x250.jpeg 250w\" sizes=\"(max-width: 150px) 100vw, 150px\" \/><\/a>\n\t\t\t<\/div><\/figure><figure class='gallery-item'>\n\t\t\t<div class='gallery-icon landscape'>\n\t\t\t\t<a data-elementor-open-lightbox=\"yes\" data-elementor-lightbox-slideshow=\"3fe4982\" data-elementor-lightbox-title=\"5\" data-e-action-hash=\"#elementor-action%3Aaction%3Dlightbox%26settings%3DeyJpZCI6OTM3NCwidXJsIjoiaHR0cHM6XC9cL3d3dy5wb2xpY2lhZGVsbmV1cXVlbi5nb2IuYXJcL3dwLWNvbnRlbnRcL3VwbG9hZHNcLzIwMjFcLzA4XC81LTEuanBlZyIsInNsaWRlc2hvdyI6IjNmZTQ5ODIifQ%3D%3D\" href='https:\/\/www.policiadelneuquen.gob.ar\/wp-content\/uploads\/2021\/08\/5-1.jpeg'><img loading=\"lazy\" decoding=\"async\" width=\"150\" height=\"150\" src=\"https:\/\/www.policiadelneuquen.gob.ar\/wp-content\/uploads\/2021\/08\/5-1-150x150.jpeg\" class=\"attachment-thumbnail size-thumbnail\" alt=\"\" srcset=\"https:\/\/www.policiadelneuquen.gob.ar\/wp-content\/uploads\/2021\/08\/5-1-150x150.jpeg 150w, https:\/\/www.policiadelneuquen.gob.ar\/wp-content\/uploads\/2021\/08\/5-1-250x250.jpeg 250w\" sizes=\"(max-width: 150px) 100vw, 150px\" \/><\/a>\n\t\t\t<\/div><\/figure><figure class='gallery-item'>\n\t\t\t<div class='gallery-icon landscape'>\n\t\t\t\t<a data-elementor-open-lightbox=\"yes\" data-elementor-lightbox-slideshow=\"3fe4982\" data-elementor-lightbox-title=\"6\" data-e-action-hash=\"#elementor-action%3Aaction%3Dlightbox%26settings%3DeyJpZCI6OTM3NSwidXJsIjoiaHR0cHM6XC9cL3d3dy5wb2xpY2lhZGVsbmV1cXVlbi5nb2IuYXJcL3dwLWNvbnRlbnRcL3VwbG9hZHNcLzIwMjFcLzA4XC82LTEuanBlZyIsInNsaWRlc2hvdyI6IjNmZTQ5ODIifQ%3D%3D\" href='https:\/\/www.policiadelneuquen.gob.ar\/wp-content\/uploads\/2021\/08\/6-1.jpeg'><img loading=\"lazy\" decoding=\"async\" width=\"150\" height=\"150\" src=\"https:\/\/www.policiadelneuquen.gob.ar\/wp-content\/uploads\/2021\/08\/6-1-150x150.jpeg\" class=\"attachment-thumbnail size-thumbnail\" alt=\"\" srcset=\"https:\/\/www.policiadelneuquen.gob.ar\/wp-content\/uploads\/2021\/08\/6-1-150x150.jpeg 150w, https:\/\/www.policiadelneuquen.gob.ar\/wp-content\/uploads\/2021\/08\/6-1-250x250.jpeg 250w\" sizes=\"(max-width: 150px) 100vw, 150px\" \/><\/a>\n\t\t\t<\/div><\/figure><figure class='gallery-item'>\n\t\t\t<div class='gallery-icon landscape'>\n\t\t\t\t<a data-elementor-open-lightbox=\"yes\" data-elementor-lightbox-slideshow=\"3fe4982\" data-elementor-lightbox-title=\"9\" data-e-action-hash=\"#elementor-action%3Aaction%3Dlightbox%26settings%3DeyJpZCI6OTM3NiwidXJsIjoiaHR0cHM6XC9cL3d3dy5wb2xpY2lhZGVsbmV1cXVlbi5nb2IuYXJcL3dwLWNvbnRlbnRcL3VwbG9hZHNcLzIwMjFcLzA4XC85LTEuanBlZyIsInNsaWRlc2hvdyI6IjNmZTQ5ODIifQ%3D%3D\" href='https:\/\/www.policiadelneuquen.gob.ar\/wp-content\/uploads\/2021\/08\/9-1.jpeg'><img loading=\"lazy\" decoding=\"async\" width=\"150\" height=\"150\" src=\"https:\/\/www.policiadelneuquen.gob.ar\/wp-content\/uploads\/2021\/08\/9-1-150x150.jpeg\" class=\"attachment-thumbnail size-thumbnail\" alt=\"\" srcset=\"https:\/\/www.policiadelneuquen.gob.ar\/wp-content\/uploads\/2021\/08\/9-1-150x150.jpeg 150w, https:\/\/www.policiadelneuquen.gob.ar\/wp-content\/uploads\/2021\/08\/9-1-250x250.jpeg 250w\" sizes=\"(max-width: 150px) 100vw, 150px\" \/><\/a>\n\t\t\t<\/div><\/figure><figure class='gallery-item'>\n\t\t\t<div class='gallery-icon landscape'>\n\t\t\t\t<a data-elementor-open-lightbox=\"yes\" data-elementor-lightbox-slideshow=\"3fe4982\" data-elementor-lightbox-title=\"10\" data-e-action-hash=\"#elementor-action%3Aaction%3Dlightbox%26settings%3DeyJpZCI6OTM3NywidXJsIjoiaHR0cHM6XC9cL3d3dy5wb2xpY2lhZGVsbmV1cXVlbi5nb2IuYXJcL3dwLWNvbnRlbnRcL3VwbG9hZHNcLzIwMjFcLzA4XC8xMC0zLmpwZWciLCJzbGlkZXNob3ciOiIzZmU0OTgyIn0%3D\" href='https:\/\/www.policiadelneuquen.gob.ar\/wp-content\/uploads\/2021\/08\/10-3.jpeg'><img loading=\"lazy\" decoding=\"async\" width=\"150\" height=\"150\" src=\"https:\/\/www.policiadelneuquen.gob.ar\/wp-content\/uploads\/2021\/08\/10-3-150x150.jpeg\" class=\"attachment-thumbnail size-thumbnail\" alt=\"\" srcset=\"https:\/\/www.policiadelneuquen.gob.ar\/wp-content\/uploads\/2021\/08\/10-3-150x150.jpeg 150w, https:\/\/www.policiadelneuquen.gob.ar\/wp-content\/uploads\/2021\/08\/10-3-250x250.jpeg 250w\" sizes=\"(max-width: 150px) 100vw, 150px\" \/><\/a>\n\t\t\t<\/div><\/figure><figure class='gallery-item'>\n\t\t\t<div class='gallery-icon landscape'>\n\t\t\t\t<a data-elementor-open-lightbox=\"yes\" data-elementor-lightbox-slideshow=\"3fe4982\" data-elementor-lightbox-title=\"11\" data-e-action-hash=\"#elementor-action%3Aaction%3Dlightbox%26settings%3DeyJpZCI6OTM3OCwidXJsIjoiaHR0cHM6XC9cL3d3dy5wb2xpY2lhZGVsbmV1cXVlbi5nb2IuYXJcL3dwLWNvbnRlbnRcL3VwbG9hZHNcLzIwMjFcLzA4XC8xMS0zLmpwZWciLCJzbGlkZXNob3ciOiIzZmU0OTgyIn0%3D\" href='https:\/\/www.policiadelneuquen.gob.ar\/wp-content\/uploads\/2021\/08\/11-3.jpeg'><img loading=\"lazy\" decoding=\"async\" width=\"150\" height=\"150\" src=\"https:\/\/www.policiadelneuquen.gob.ar\/wp-content\/uploads\/2021\/08\/11-3-150x150.jpeg\" class=\"attachment-thumbnail size-thumbnail\" alt=\"\" srcset=\"https:\/\/www.policiadelneuquen.gob.ar\/wp-content\/uploads\/2021\/08\/11-3-150x150.jpeg 150w, https:\/\/www.policiadelneuquen.gob.ar\/wp-content\/uploads\/2021\/08\/11-3-250x250.jpeg 250w\" sizes=\"(max-width: 150px) 100vw, 150px\" \/><\/a>\n\t\t\t<\/div><\/figure><figure class='gallery-item'>\n\t\t\t<div class='gallery-icon landscape'>\n\t\t\t\t<a data-elementor-open-lightbox=\"yes\" data-elementor-lightbox-slideshow=\"3fe4982\" data-elementor-lightbox-title=\"12\" data-e-action-hash=\"#elementor-action%3Aaction%3Dlightbox%26settings%3DeyJpZCI6OTM3OSwidXJsIjoiaHR0cHM6XC9cL3d3dy5wb2xpY2lhZGVsbmV1cXVlbi5nb2IuYXJcL3dwLWNvbnRlbnRcL3VwbG9hZHNcLzIwMjFcLzA4XC8xMi0yLmpwZWciLCJzbGlkZXNob3ciOiIzZmU0OTgyIn0%3D\" href='https:\/\/www.policiadelneuquen.gob.ar\/wp-content\/uploads\/2021\/08\/12-2.jpeg'><img loading=\"lazy\" decoding=\"async\" width=\"150\" height=\"150\" src=\"https:\/\/www.policiadelneuquen.gob.ar\/wp-content\/uploads\/2021\/08\/12-2-150x150.jpeg\" class=\"attachment-thumbnail size-thumbnail\" alt=\"\" srcset=\"https:\/\/www.policiadelneuquen.gob.ar\/wp-content\/uploads\/2021\/08\/12-2-150x150.jpeg 150w, https:\/\/www.policiadelneuquen.gob.ar\/wp-content\/uploads\/2021\/08\/12-2-250x250.jpeg 250w\" sizes=\"(max-width: 150px) 100vw, 150px\" \/><\/a>\n\t\t\t<\/div><\/figure>\n\t\t<\/div>\n\t\t<\/div>\n\t\t\t\t\t\t<\/div>\n\t\t\t\t<\/div>\n\t\t\t\t\t<\/div>\n\t\t<\/div>\n\t\t\t\t\t<\/div>\n\t\t<\/section>\n\t\t\t\t<\/div>\n\t\t","protected":false},"excerpt":{"rendered":"<p>Esta ma\u00f1ana (13\/08) finaliz\u00f3 el Segundo Curso Motorista, dictado a Inspectores de Tr\u00e1nsito de la Municipalidad de Neuqu\u00e9n y fue llevado a cabo por personal de la Divisi\u00f3n Capacitaci\u00f3n y Educaci\u00f3n Vial dependiente de la Direcci\u00f3n Tr\u00e1nsito Neuqu\u00e9n. La capacitaci\u00f3n inici\u00f3 el pasado lunes en las instalaciones de la Direcci\u00f3n Tr\u00e1nsito Neuqu\u00e9n, ubicada en calle [&hellip;]<\/p>\n","protected":false},"author":6,"featured_media":9367,"comment_status":"open","ping_status":"open","sticky":false,"template":"","format":"standard","meta":{"site-sidebar-layout":"default","site-content-layout":"","ast-site-content-layout":"","site-content-style":"default","site-sidebar-style":"default","ast-global-header-display":"","ast-banner-title-visibility":"","ast-main-header-display":"","ast-hfb-above-header-display":"","ast-hfb-below-header-display":"","ast-hfb-mobile-header-display":"","site-post-title":"","ast-breadcrumbs-content":"","ast-featured-img":"","footer-sml-layout":"","theme-transparent-header-meta":"","adv-header-id-meta":"","stick-header-meta":"","header-above-stick-meta":"","header-main-stick-meta":"","header-below-stick-meta":"","astra-migrate-meta-layouts":"default","ast-page-background-enabled":"default","ast-page-background-meta":{"desktop":{"background-color":"","background-image":"","background-repeat":"repeat","background-position":"center center","background-size":"auto","background-attachment":"scroll","background-type":"","background-media":"","overlay-type":"","overlay-color":"","overlay-opacity":"","overlay-gradient":""},"tablet":{"background-color":"","background-image":"","background-repeat":"repeat","background-position":"center center","background-size":"auto","background-attachment":"scroll","background-type":"","background-media":"","overlay-type":"","overlay-color":"","overlay-opacity":"","overlay-gradient":""},"mobile":{"background-color":"","background-image":"","background-repeat":"repeat","background-position":"center center","background-size":"auto","background-attachment":"scroll","background-type":"","background-media":"","overlay-type":"","overlay-color":"","overlay-opacity":"","overlay-gradient":""}},"ast-content-background-meta":{"desktop":{"background-color":"var(--ast-global-color-5)","background-image":"","background-repeat":"repeat","background-position":"center center","background-size":"auto","background-attachment":"scroll","background-type":"","background-media":"","overlay-type":"","overlay-color":"","overlay-opacity":"","overlay-gradient":""},"tablet":{"background-color":"var(--ast-global-color-5)","background-image":"","background-repeat":"repeat","background-position":"center center","background-size":"auto","background-attachment":"scroll","background-type":"","background-media":"","overlay-type":"","overlay-color":"","overlay-opacity":"","overlay-gradient":""},"mobile":{"background-color":"var(--ast-global-color-5)","background-image":"","background-repeat":"repeat","background-position":"center center","background-size":"auto","background-attachment":"scroll","background-type":"","background-media":"","overlay-type":"","overlay-color":"","overlay-opacity":"","overlay-gradient":""}},"footnotes":""},"categories":[1],"tags":[],"class_list":["post-9366","post","type-post","status-publish","format-standard","has-post-thumbnail","hentry","category-sin-categorizar"],"jetpack_featured_media_url":"https:\/\/www.policiadelneuquen.gob.ar\/wp-content\/uploads\/2021\/08\/PORTADA.jpeg","_links":{"self":[{"href":"https:\/\/www.policiadelneuquen.gob.ar\/index.php\/wp-json\/wp\/v2\/posts\/9366","targetHints":{"allow":["GET"]}}],"collection":[{"href":"https:\/\/www.policiadelneuquen.gob.ar\/index.php\/wp-json\/wp\/v2\/posts"}],"about":[{"href":"https:\/\/www.policiadelneuquen.gob.ar\/index.php\/wp-json\/wp\/v2\/types\/post"}],"author":[{"embeddable":true,"href":"https:\/\/www.policiadelneuquen.gob.ar\/index.php\/wp-json\/wp\/v2\/users\/6"}],"replies":[{"embeddable":true,"href":"https:\/\/www.policiadelneuquen.gob.ar\/index.php\/wp-json\/wp\/v2\/comments?post=9366"}],"version-history":[{"count":5,"href":"https:\/\/www.policiadelneuquen.gob.ar\/index.php\/wp-json\/wp\/v2\/posts\/9366\/revisions"}],"predecessor-version":[{"id":9383,"href":"https:\/\/www.policiadelneuquen.gob.ar\/index.php\/wp-json\/wp\/v2\/posts\/9366\/revisions\/9383"}],"wp:featuredmedia":[{"embeddable":true,"href":"https:\/\/www.policiadelneuquen.gob.ar\/index.php\/wp-json\/wp\/v2\/media\/9367"}],"wp:attachment":[{"href":"https:\/\/www.policiadelneuquen.gob.ar\/index.php\/wp-json\/wp\/v2\/media?parent=9366"}],"wp:term":[{"taxonomy":"category","embeddable":true,"href":"https:\/\/www.policiadelneuquen.gob.ar\/index.php\/wp-json\/wp\/v2\/categories?post=9366"},{"taxonomy":"post_tag","embeddable":true,"href":"https:\/\/www.policiadelneuquen.gob.ar\/index.php\/wp-json\/wp\/v2\/tags?post=9366"}],"curies":[{"name":"wp","href":"https:\/\/api.w.org\/{rel}","templated":true}]}}