{"id":9415,"date":"2021-08-13T20:38:00","date_gmt":"2021-08-13T23:38:00","guid":{"rendered":"https:\/\/www.policiadelneuquen.gob.ar\/?p=9415"},"modified":"2021-08-13T20:47:19","modified_gmt":"2021-08-13T23:47:19","slug":"dsa-allanamientos-con-secuestro-de-arma-de-fuego-automovil-y-elementos-de-interes","status":"publish","type":"post","link":"https:\/\/www.policiadelneuquen.gob.ar\/index.php\/dsa-allanamientos-con-secuestro-de-arma-de-fuego-automovil-y-elementos-de-interes\/","title":{"rendered":"20:38 &#8211; DSA: Allanamientos con secuestro de arma de fuego, autom\u00f3vil y elementos de inter\u00e9s."},"content":{"rendered":"\t\t<div data-elementor-type=\"wp-post\" data-elementor-id=\"9415\" class=\"elementor elementor-9415\">\n\t\t\t\t\t\t<section class=\"elementor-section elementor-top-section elementor-element elementor-element-1eba3c82 elementor-section-boxed elementor-section-height-default elementor-section-height-default\" data-id=\"1eba3c82\" data-element_type=\"section\" data-e-type=\"section\">\n\t\t\t\t\t\t<div class=\"elementor-container elementor-column-gap-default\">\n\t\t\t\t\t<div class=\"elementor-column elementor-col-100 elementor-top-column elementor-element elementor-element-70ac2013\" data-id=\"70ac2013\" data-element_type=\"column\" data-e-type=\"column\">\n\t\t\t<div class=\"elementor-widget-wrap elementor-element-populated\">\n\t\t\t\t\t\t<div class=\"elementor-element elementor-element-3489217c elementor-widget elementor-widget-text-editor\" data-id=\"3489217c\" data-element_type=\"widget\" data-e-type=\"widget\" data-widget_type=\"text-editor.default\">\n\t\t\t\t<div class=\"elementor-widget-container\">\n\t\t\t\t\t\t\t\t\t\n<p class=\"has-medium-font-size\">Personal del Departamento Sustracci\u00f3n Automotores realiz\u00f3 hoy (13\/08), dos allanamientos en la zona suroeste de la ciudad capital, donde demor\u00f3 a un sujeto y secuestr\u00f3 un arma de fuego, un autom\u00f3vil y elementos de inter\u00e9s a la causa que se investigaba.<\/p>\n\n\n\n<p class=\"has-medium-font-size\">Del operativo colabor\u00f3 personal del Departamento UESPo, Criminal\u00edstica y Direcci\u00f3n Tr\u00e1nsito.<\/p>\n\n\n\n<p class=\"has-medium-font-size\">La pesquisa surgi\u00f3 a ra\u00edz de un hecho delictivo por presunto robo calificado de un autom\u00f3vil el pasado 09 de agosto, en jurisdicci\u00f3n de Comisar\u00eda N\u00b017 del Barrio La Sirena.<\/p>\n\n\n\n<p class=\"has-medium-font-size\">Por tal raz\u00f3n, uniformados realizaron una minuciosa investigaci\u00f3n logrando dar con los presuntos domicilios vinculados al hecho consumado, solicitando a la Fiscal\u00eda de Robos y Hurtos las \u00f3rdenes de ingreso, las cuales pasadas las 11:20 fueron realizadas en dos domicilios del Barrio Don Bosco II, del cual uno, funcionaba como taller de neum\u00e1ticos.<\/p>\n\n\n\n<p class=\"has-medium-font-size\">Luego de proceder a leer la correspondientes ordenes de ingreso frente a testigo y due\u00f1a de la morada, ofuscada por la situaci\u00f3n, procedieron a requisar la vivienda logrando ubicar un arma de fuego tipo pistola con 6 municiones calibre 9 mm, un autom\u00f3vil Chevrolet Meriva con pedido de secuestro vigente a solicitud de la Dependencia Policial N\u00b017, un machete, un celular y dem\u00e1s elementos relacionados a la investigaci\u00f3n.<\/p>\n\n\n\n<p class=\"has-medium-font-size\">Adem\u00e1s, como resultado del procedimiento demoraron a un sujeto de 40 a\u00f1os, presunto autor del hecho el que fue trasladado a Sede Policial, siendo luego notificado por la justicia de su libertad supeditada.<\/p>\n\n\n\n<p class=\"has-medium-font-size\">En relaci\u00f3n a los elementos finalmente fueron secuestrados y trasladados a la Dependencia Policial, quedando a disposici\u00f3n judicial.<\/p>\n\t\t\t\t\t\t\t\t<\/div>\n\t\t\t\t<\/div>\n\t\t\t\t\t<\/div>\n\t\t<\/div>\n\t\t\t\t\t<\/div>\n\t\t<\/section>\n\t\t\t\t<section class=\"elementor-section elementor-top-section elementor-element elementor-element-cc79c07 elementor-section-boxed elementor-section-height-default elementor-section-height-default\" data-id=\"cc79c07\" data-element_type=\"section\" data-e-type=\"section\">\n\t\t\t\t\t\t<div class=\"elementor-container elementor-column-gap-default\">\n\t\t\t\t\t<div class=\"elementor-column elementor-col-100 elementor-top-column elementor-element elementor-element-4831913\" data-id=\"4831913\" data-element_type=\"column\" data-e-type=\"column\">\n\t\t\t<div class=\"elementor-widget-wrap elementor-element-populated\">\n\t\t\t\t\t\t<div class=\"elementor-element elementor-element-5f102bb elementor-widget elementor-widget-image-gallery\" data-id=\"5f102bb\" data-element_type=\"widget\" data-e-type=\"widget\" data-widget_type=\"image-gallery.default\">\n\t\t\t\t<div class=\"elementor-widget-container\">\n\t\t\t\t\t\t\t<div class=\"elementor-image-gallery\">\n\t\t\t<div id='gallery-1' class='gallery galleryid-9415 gallery-columns-5 gallery-size-thumbnail'><figure class='gallery-item'>\n\t\t\t<div class='gallery-icon landscape'>\n\t\t\t\t<a data-elementor-open-lightbox=\"yes\" data-elementor-lightbox-slideshow=\"5f102bb\" data-elementor-lightbox-title=\"DSA1\" data-e-action-hash=\"#elementor-action%3Aaction%3Dlightbox%26settings%3DeyJpZCI6OTQyNiwidXJsIjoiaHR0cHM6XC9cL3d3dy5wb2xpY2lhZGVsbmV1cXVlbi5nb2IuYXJcL3dwLWNvbnRlbnRcL3VwbG9hZHNcLzIwMjFcLzA4XC9EU0ExLnBuZyIsInNsaWRlc2hvdyI6IjVmMTAyYmIifQ%3D%3D\" href='https:\/\/www.policiadelneuquen.gob.ar\/wp-content\/uploads\/2021\/08\/DSA1.png'><img decoding=\"async\" width=\"150\" height=\"150\" src=\"https:\/\/www.policiadelneuquen.gob.ar\/wp-content\/uploads\/2021\/08\/DSA1-150x150.png\" class=\"attachment-thumbnail size-thumbnail\" alt=\"\" srcset=\"https:\/\/www.policiadelneuquen.gob.ar\/wp-content\/uploads\/2021\/08\/DSA1-150x150.png 150w, https:\/\/www.policiadelneuquen.gob.ar\/wp-content\/uploads\/2021\/08\/DSA1-250x250.png 250w\" sizes=\"(max-width: 150px) 100vw, 150px\" \/><\/a>\n\t\t\t<\/div><\/figure><figure class='gallery-item'>\n\t\t\t<div class='gallery-icon portrait'>\n\t\t\t\t<a data-elementor-open-lightbox=\"yes\" data-elementor-lightbox-slideshow=\"5f102bb\" data-elementor-lightbox-title=\"DSA3\" data-e-action-hash=\"#elementor-action%3Aaction%3Dlightbox%26settings%3DeyJpZCI6OTQyOCwidXJsIjoiaHR0cHM6XC9cL3d3dy5wb2xpY2lhZGVsbmV1cXVlbi5nb2IuYXJcL3dwLWNvbnRlbnRcL3VwbG9hZHNcLzIwMjFcLzA4XC9EU0EzLnBuZyIsInNsaWRlc2hvdyI6IjVmMTAyYmIifQ%3D%3D\" href='https:\/\/www.policiadelneuquen.gob.ar\/wp-content\/uploads\/2021\/08\/DSA3.png'><img decoding=\"async\" width=\"150\" height=\"150\" src=\"https:\/\/www.policiadelneuquen.gob.ar\/wp-content\/uploads\/2021\/08\/DSA3-150x150.png\" class=\"attachment-thumbnail size-thumbnail\" alt=\"\" srcset=\"https:\/\/www.policiadelneuquen.gob.ar\/wp-content\/uploads\/2021\/08\/DSA3-150x150.png 150w, https:\/\/www.policiadelneuquen.gob.ar\/wp-content\/uploads\/2021\/08\/DSA3-250x250.png 250w\" sizes=\"(max-width: 150px) 100vw, 150px\" \/><\/a>\n\t\t\t<\/div><\/figure><figure class='gallery-item'>\n\t\t\t<div class='gallery-icon landscape'>\n\t\t\t\t<a data-elementor-open-lightbox=\"yes\" data-elementor-lightbox-slideshow=\"5f102bb\" data-elementor-lightbox-title=\"DSA5\" data-e-action-hash=\"#elementor-action%3Aaction%3Dlightbox%26settings%3DeyJpZCI6OTQzMCwidXJsIjoiaHR0cHM6XC9cL3d3dy5wb2xpY2lhZGVsbmV1cXVlbi5nb2IuYXJcL3dwLWNvbnRlbnRcL3VwbG9hZHNcLzIwMjFcLzA4XC9EU0E1LnBuZyIsInNsaWRlc2hvdyI6IjVmMTAyYmIifQ%3D%3D\" href='https:\/\/www.policiadelneuquen.gob.ar\/wp-content\/uploads\/2021\/08\/DSA5.png'><img decoding=\"async\" width=\"150\" height=\"150\" src=\"https:\/\/www.policiadelneuquen.gob.ar\/wp-content\/uploads\/2021\/08\/DSA5-150x150.png\" class=\"attachment-thumbnail size-thumbnail\" alt=\"\" srcset=\"https:\/\/www.policiadelneuquen.gob.ar\/wp-content\/uploads\/2021\/08\/DSA5-150x150.png 150w, https:\/\/www.policiadelneuquen.gob.ar\/wp-content\/uploads\/2021\/08\/DSA5-250x250.png 250w\" sizes=\"(max-width: 150px) 100vw, 150px\" \/><\/a>\n\t\t\t<\/div><\/figure><figure class='gallery-item'>\n\t\t\t<div class='gallery-icon portrait'>\n\t\t\t\t<a data-elementor-open-lightbox=\"yes\" data-elementor-lightbox-slideshow=\"5f102bb\" data-elementor-lightbox-title=\"DSA4\" data-e-action-hash=\"#elementor-action%3Aaction%3Dlightbox%26settings%3DeyJpZCI6OTQyOSwidXJsIjoiaHR0cHM6XC9cL3d3dy5wb2xpY2lhZGVsbmV1cXVlbi5nb2IuYXJcL3dwLWNvbnRlbnRcL3VwbG9hZHNcLzIwMjFcLzA4XC9EU0E0LnBuZyIsInNsaWRlc2hvdyI6IjVmMTAyYmIifQ%3D%3D\" href='https:\/\/www.policiadelneuquen.gob.ar\/wp-content\/uploads\/2021\/08\/DSA4.png'><img loading=\"lazy\" decoding=\"async\" width=\"150\" height=\"150\" src=\"https:\/\/www.policiadelneuquen.gob.ar\/wp-content\/uploads\/2021\/08\/DSA4-150x150.png\" class=\"attachment-thumbnail size-thumbnail\" alt=\"\" srcset=\"https:\/\/www.policiadelneuquen.gob.ar\/wp-content\/uploads\/2021\/08\/DSA4-150x150.png 150w, https:\/\/www.policiadelneuquen.gob.ar\/wp-content\/uploads\/2021\/08\/DSA4-250x250.png 250w\" sizes=\"(max-width: 150px) 100vw, 150px\" \/><\/a>\n\t\t\t<\/div><\/figure><figure class='gallery-item'>\n\t\t\t<div class='gallery-icon portrait'>\n\t\t\t\t<a data-elementor-open-lightbox=\"yes\" data-elementor-lightbox-slideshow=\"5f102bb\" data-elementor-lightbox-title=\"DSA2\" data-e-action-hash=\"#elementor-action%3Aaction%3Dlightbox%26settings%3DeyJpZCI6OTQyNywidXJsIjoiaHR0cHM6XC9cL3d3dy5wb2xpY2lhZGVsbmV1cXVlbi5nb2IuYXJcL3dwLWNvbnRlbnRcL3VwbG9hZHNcLzIwMjFcLzA4XC9EU0EyLnBuZyIsInNsaWRlc2hvdyI6IjVmMTAyYmIifQ%3D%3D\" href='https:\/\/www.policiadelneuquen.gob.ar\/wp-content\/uploads\/2021\/08\/DSA2.png'><img loading=\"lazy\" decoding=\"async\" width=\"150\" height=\"150\" src=\"https:\/\/www.policiadelneuquen.gob.ar\/wp-content\/uploads\/2021\/08\/DSA2-150x150.png\" class=\"attachment-thumbnail size-thumbnail\" alt=\"\" srcset=\"https:\/\/www.policiadelneuquen.gob.ar\/wp-content\/uploads\/2021\/08\/DSA2-150x150.png 150w, https:\/\/www.policiadelneuquen.gob.ar\/wp-content\/uploads\/2021\/08\/DSA2-250x250.png 250w\" sizes=\"(max-width: 150px) 100vw, 150px\" \/><\/a>\n\t\t\t<\/div><\/figure>\n\t\t<\/div>\n\t\t<\/div>\n\t\t\t\t\t\t<\/div>\n\t\t\t\t<\/div>\n\t\t\t\t\t<\/div>\n\t\t<\/div>\n\t\t\t\t\t<\/div>\n\t\t<\/section>\n\t\t\t\t<\/div>\n\t\t","protected":false},"excerpt":{"rendered":"<p>Personal del Departamento Sustracci\u00f3n Automotores realiz\u00f3 hoy (13\/08), dos allanamientos en la zona suroeste de la ciudad capital, donde demor\u00f3 a un sujeto y secuestr\u00f3 un arma de fuego, un autom\u00f3vil y elementos de inter\u00e9s a la causa que se investigaba. Del operativo colabor\u00f3 personal del Departamento UESPo, Criminal\u00edstica y Direcci\u00f3n Tr\u00e1nsito. La pesquisa surgi\u00f3 [&hellip;]<\/p>\n","protected":false},"author":9,"featured_media":9416,"comment_status":"open","ping_status":"open","sticky":false,"template":"","format":"standard","meta":{"site-sidebar-layout":"default","site-content-layout":"","ast-site-content-layout":"","site-content-style":"default","site-sidebar-style":"default","ast-global-header-display":"","ast-banner-title-visibility":"","ast-main-header-display":"","ast-hfb-above-header-display":"","ast-hfb-below-header-display":"","ast-hfb-mobile-header-display":"","site-post-title":"","ast-breadcrumbs-content":"","ast-featured-img":"","footer-sml-layout":"","theme-transparent-header-meta":"","adv-header-id-meta":"","stick-header-meta":"","header-above-stick-meta":"","header-main-stick-meta":"","header-below-stick-meta":"","astra-migrate-meta-layouts":"default","ast-page-background-enabled":"default","ast-page-background-meta":{"desktop":{"background-color":"","background-image":"","background-repeat":"repeat","background-position":"center center","background-size":"auto","background-attachment":"scroll","background-type":"","background-media":"","overlay-type":"","overlay-color":"","overlay-opacity":"","overlay-gradient":""},"tablet":{"background-color":"","background-image":"","background-repeat":"repeat","background-position":"center center","background-size":"auto","background-attachment":"scroll","background-type":"","background-media":"","overlay-type":"","overlay-color":"","overlay-opacity":"","overlay-gradient":""},"mobile":{"background-color":"","background-image":"","background-repeat":"repeat","background-position":"center center","background-size":"auto","background-attachment":"scroll","background-type":"","background-media":"","overlay-type":"","overlay-color":"","overlay-opacity":"","overlay-gradient":""}},"ast-content-background-meta":{"desktop":{"background-color":"var(--ast-global-color-5)","background-image":"","background-repeat":"repeat","background-position":"center center","background-size":"auto","background-attachment":"scroll","background-type":"","background-media":"","overlay-type":"","overlay-color":"","overlay-opacity":"","overlay-gradient":""},"tablet":{"background-color":"var(--ast-global-color-5)","background-image":"","background-repeat":"repeat","background-position":"center center","background-size":"auto","background-attachment":"scroll","background-type":"","background-media":"","overlay-type":"","overlay-color":"","overlay-opacity":"","overlay-gradient":""},"mobile":{"background-color":"var(--ast-global-color-5)","background-image":"","background-repeat":"repeat","background-position":"center center","background-size":"auto","background-attachment":"scroll","background-type":"","background-media":"","overlay-type":"","overlay-color":"","overlay-opacity":"","overlay-gradient":""}},"footnotes":""},"categories":[1],"tags":[],"class_list":["post-9415","post","type-post","status-publish","format-standard","has-post-thumbnail","hentry","category-sin-categorizar"],"jetpack_featured_media_url":"https:\/\/www.policiadelneuquen.gob.ar\/wp-content\/uploads\/2021\/08\/DSA.png","_links":{"self":[{"href":"https:\/\/www.policiadelneuquen.gob.ar\/index.php\/wp-json\/wp\/v2\/posts\/9415","targetHints":{"allow":["GET"]}}],"collection":[{"href":"https:\/\/www.policiadelneuquen.gob.ar\/index.php\/wp-json\/wp\/v2\/posts"}],"about":[{"href":"https:\/\/www.policiadelneuquen.gob.ar\/index.php\/wp-json\/wp\/v2\/types\/post"}],"author":[{"embeddable":true,"href":"https:\/\/www.policiadelneuquen.gob.ar\/index.php\/wp-json\/wp\/v2\/users\/9"}],"replies":[{"embeddable":true,"href":"https:\/\/www.policiadelneuquen.gob.ar\/index.php\/wp-json\/wp\/v2\/comments?post=9415"}],"version-history":[{"count":8,"href":"https:\/\/www.policiadelneuquen.gob.ar\/index.php\/wp-json\/wp\/v2\/posts\/9415\/revisions"}],"predecessor-version":[{"id":9433,"href":"https:\/\/www.policiadelneuquen.gob.ar\/index.php\/wp-json\/wp\/v2\/posts\/9415\/revisions\/9433"}],"wp:featuredmedia":[{"embeddable":true,"href":"https:\/\/www.policiadelneuquen.gob.ar\/index.php\/wp-json\/wp\/v2\/media\/9416"}],"wp:attachment":[{"href":"https:\/\/www.policiadelneuquen.gob.ar\/index.php\/wp-json\/wp\/v2\/media?parent=9415"}],"wp:term":[{"taxonomy":"category","embeddable":true,"href":"https:\/\/www.policiadelneuquen.gob.ar\/index.php\/wp-json\/wp\/v2\/categories?post=9415"},{"taxonomy":"post_tag","embeddable":true,"href":"https:\/\/www.policiadelneuquen.gob.ar\/index.php\/wp-json\/wp\/v2\/tags?post=9415"}],"curies":[{"name":"wp","href":"https:\/\/api.w.org\/{rel}","templated":true}]}}