{"id":9451,"date":"2021-08-14T11:59:20","date_gmt":"2021-08-14T14:59:20","guid":{"rendered":"https:\/\/www.policiadelneuquen.gob.ar\/?p=9451"},"modified":"2021-08-14T11:59:25","modified_gmt":"2021-08-14T14:59:25","slug":"1155-cria-3-tres-demorados-por-resistencia-a-la-autoridad","status":"publish","type":"post","link":"https:\/\/www.policiadelneuquen.gob.ar\/index.php\/1155-cria-3-tres-demorados-por-resistencia-a-la-autoridad\/","title":{"rendered":"11:55 Cr\u00eda 3\u00b0: Tres demorados por resistencia a la autoridad"},"content":{"rendered":"\n<p>En la madrugada de hoy, personal de Comisar\u00eda 3\u00b0 demor\u00f3 a tres ocupantes de una camioneta, los que se dieron a la fuga, resisti\u00e9ndose al procedimiento pero gracias al trabajo en conjunto fueron debidamente demorados en inmediaciones del barrio El Progreso.<\/p>\n\n\n\n<p>Mientras el personal policial realizaba controles vehiculares sobre calle Col\u00f3n y Juan B. Justo divisaron una camioneta Nissan Frontier con tres ocupantes en su interior, los que al momento de ser identificados el conductor aceler\u00f3 la velocidad, huyendo del lugar por calle Juan B Justo cardinal oeste, donde casi impact\u00f3 con el m\u00f3vil policial.<\/p>\n\n\n\n<p>Por&nbsp; cuanto, se irradi\u00f3 al resto de los m\u00f3viles de la jurisdicci\u00f3n y por una maniobra brusca del conductor de la camioneta, termin\u00f3 impactando con el cord\u00f3n cuneta sobre calle Cannan Sapag, perdiendo el control del rodado y quedando en el lugar.<\/p>\n\n\n\n<p>En ese momento bajaron los acompa\u00f1antes, dos hombres de 23 y 19 a\u00f1os, los que comenzaron a increpar e intentar agredir al personal policial por lo que r\u00e1pidamente fueron demorados; divisando en el interior de la camionetas envases de bebidas alcoh\u00f3licas, por lo que se solicit\u00f3 la presencia del&nbsp; personal de la Direcci\u00f3n Transito Neuqu\u00e9n.<\/p>\n\n\n\n<p>Al llegar al lugar el conductor de 27 a\u00f1os, se neg\u00f3 a realizar el test de alcoholemia, por lo que el personal de igual manera realiz\u00f3 la multa correspondiente y se procedi\u00f3 al secuestro del rodado, demorando a&nbsp; los tres sujetos y traslad\u00e1ndolos a la Unidad, los que quedaron a disposici\u00f3n de la justicia.<\/p>\n","protected":false},"excerpt":{"rendered":"<p>En la madrugada de hoy, personal de Comisar\u00eda 3\u00b0 demor\u00f3 a tres ocupantes de una camioneta, los que se dieron a la fuga, resisti\u00e9ndose al procedimiento pero gracias al trabajo en conjunto fueron debidamente demorados en inmediaciones del barrio El Progreso. Mientras el personal policial realizaba controles vehiculares sobre calle Col\u00f3n y Juan B. Justo [&hellip;]<\/p>\n","protected":false},"author":14,"featured_media":9452,"comment_status":"open","ping_status":"open","sticky":false,"template":"","format":"standard","meta":{"site-sidebar-layout":"default","site-content-layout":"","ast-site-content-layout":"","site-content-style":"default","site-sidebar-style":"default","ast-global-header-display":"","ast-banner-title-visibility":"","ast-main-header-display":"","ast-hfb-above-header-display":"","ast-hfb-below-header-display":"","ast-hfb-mobile-header-display":"","site-post-title":"","ast-breadcrumbs-content":"","ast-featured-img":"","footer-sml-layout":"","theme-transparent-header-meta":"","adv-header-id-meta":"","stick-header-meta":"","header-above-stick-meta":"","header-main-stick-meta":"","header-below-stick-meta":"","astra-migrate-meta-layouts":"default","ast-page-background-enabled":"default","ast-page-background-meta":{"desktop":{"background-color":"","background-image":"","background-repeat":"repeat","background-position":"center center","background-size":"auto","background-attachment":"scroll","background-type":"","background-media":"","overlay-type":"","overlay-color":"","overlay-opacity":"","overlay-gradient":""},"tablet":{"background-color":"","background-image":"","background-repeat":"repeat","background-position":"center center","background-size":"auto","background-attachment":"scroll","background-type":"","background-media":"","overlay-type":"","overlay-color":"","overlay-opacity":"","overlay-gradient":""},"mobile":{"background-color":"","background-image":"","background-repeat":"repeat","background-position":"center center","background-size":"auto","background-attachment":"scroll","background-type":"","background-media":"","overlay-type":"","overlay-color":"","overlay-opacity":"","overlay-gradient":""}},"ast-content-background-meta":{"desktop":{"background-color":"var(--ast-global-color-5)","background-image":"","background-repeat":"repeat","background-position":"center center","background-size":"auto","background-attachment":"scroll","background-type":"","background-media":"","overlay-type":"","overlay-color":"","overlay-opacity":"","overlay-gradient":""},"tablet":{"background-color":"var(--ast-global-color-5)","background-image":"","background-repeat":"repeat","background-position":"center center","background-size":"auto","background-attachment":"scroll","background-type":"","background-media":"","overlay-type":"","overlay-color":"","overlay-opacity":"","overlay-gradient":""},"mobile":{"background-color":"var(--ast-global-color-5)","background-image":"","background-repeat":"repeat","background-position":"center center","background-size":"auto","background-attachment":"scroll","background-type":"","background-media":"","overlay-type":"","overlay-color":"","overlay-opacity":"","overlay-gradient":""}},"footnotes":""},"categories":[1],"tags":[],"class_list":["post-9451","post","type-post","status-publish","format-standard","has-post-thumbnail","hentry","category-sin-categorizar"],"jetpack_featured_media_url":"https:\/\/www.policiadelneuquen.gob.ar\/wp-content\/uploads\/2021\/08\/IMG-20210814-WA0000.jpg","_links":{"self":[{"href":"https:\/\/www.policiadelneuquen.gob.ar\/index.php\/wp-json\/wp\/v2\/posts\/9451","targetHints":{"allow":["GET"]}}],"collection":[{"href":"https:\/\/www.policiadelneuquen.gob.ar\/index.php\/wp-json\/wp\/v2\/posts"}],"about":[{"href":"https:\/\/www.policiadelneuquen.gob.ar\/index.php\/wp-json\/wp\/v2\/types\/post"}],"author":[{"embeddable":true,"href":"https:\/\/www.policiadelneuquen.gob.ar\/index.php\/wp-json\/wp\/v2\/users\/14"}],"replies":[{"embeddable":true,"href":"https:\/\/www.policiadelneuquen.gob.ar\/index.php\/wp-json\/wp\/v2\/comments?post=9451"}],"version-history":[{"count":2,"href":"https:\/\/www.policiadelneuquen.gob.ar\/index.php\/wp-json\/wp\/v2\/posts\/9451\/revisions"}],"predecessor-version":[{"id":9454,"href":"https:\/\/www.policiadelneuquen.gob.ar\/index.php\/wp-json\/wp\/v2\/posts\/9451\/revisions\/9454"}],"wp:featuredmedia":[{"embeddable":true,"href":"https:\/\/www.policiadelneuquen.gob.ar\/index.php\/wp-json\/wp\/v2\/media\/9452"}],"wp:attachment":[{"href":"https:\/\/www.policiadelneuquen.gob.ar\/index.php\/wp-json\/wp\/v2\/media?parent=9451"}],"wp:term":[{"taxonomy":"category","embeddable":true,"href":"https:\/\/www.policiadelneuquen.gob.ar\/index.php\/wp-json\/wp\/v2\/categories?post=9451"},{"taxonomy":"post_tag","embeddable":true,"href":"https:\/\/www.policiadelneuquen.gob.ar\/index.php\/wp-json\/wp\/v2\/tags?post=9451"}],"curies":[{"name":"wp","href":"https:\/\/api.w.org\/{rel}","templated":true}]}}