{"id":9647,"date":"2021-08-18T09:26:58","date_gmt":"2021-08-18T12:26:58","guid":{"rendered":"https:\/\/www.policiadelneuquen.gob.ar\/?p=9647"},"modified":"2021-08-18T09:27:04","modified_gmt":"2021-08-18T12:27:04","slug":"cria-16-un-hombre-demorado-minutos-despues-de-robar-una-bicicleta","status":"publish","type":"post","link":"https:\/\/www.policiadelneuquen.gob.ar\/index.php\/cria-16-un-hombre-demorado-minutos-despues-de-robar-una-bicicleta\/","title":{"rendered":"Cria.16\u00b0 : Un hombre demorado minutos despu\u00e9s de robar una bicicleta."},"content":{"rendered":"\n<p>La madrugada&nbsp; de ayer (17-08), personal policial demor\u00f3 a un hombre, minutos despu\u00e9s que sustrajera una bicicleta de un local comercial ubicado sobre calle Godoy en el oeste capitalino.<\/p>\n\n\n\n<p>El hecho ocurri\u00f3 pasada la 01:30 horas, cuando personal de comisar\u00eda 16\u00b0asisti\u00f3 a un presunto robo en calle Godoy y Zeballos, donde al llegar al lugar encontr\u00f3 a un efectivo policial de franco servicio, quien ten\u00eda a un hombre demorado.<\/p>\n\n\n\n<p>Al entrevistar al efectivo, este relat\u00f3 que mientras transitaba a bordo de su veh\u00edculo por calle Godoy y Ant\u00e1rtida Argentina divis\u00f3 a un sujeto salir de un local comercial del rubro jugueter\u00eda, con una bicicleta negra con letras blancas y al darle la voz de alto policial, el sujeto se despoj\u00f3 del birrodado y emprendi\u00f3 la fuga a pie, pero sobre la intersecci\u00f3n de Zaballos y Godoy logr\u00f3 demorarlo.<\/p>\n\n\n\n<p>Como resultado, personal de Comisar\u00eda 16\u00b0 constat\u00f3 el da\u00f1o en la puerta de ingreso del comercio y se comunic\u00f3 con el propietario, trasladando al demorado junto con la bicicleta secuestrada a la Unidad, para dar intervenci\u00f3n a la justicia.<\/p>\n","protected":false},"excerpt":{"rendered":"<p>La madrugada&nbsp; de ayer (17-08), personal policial demor\u00f3 a un hombre, minutos despu\u00e9s que sustrajera una bicicleta de un local comercial ubicado sobre calle Godoy en el oeste capitalino. El hecho ocurri\u00f3 pasada la 01:30 horas, cuando personal de comisar\u00eda 16\u00b0asisti\u00f3 a un presunto robo en calle Godoy y Zeballos, donde al llegar al lugar [&hellip;]<\/p>\n","protected":false},"author":14,"featured_media":9648,"comment_status":"open","ping_status":"open","sticky":false,"template":"","format":"standard","meta":{"site-sidebar-layout":"default","site-content-layout":"","ast-site-content-layout":"","site-content-style":"default","site-sidebar-style":"default","ast-global-header-display":"","ast-banner-title-visibility":"","ast-main-header-display":"","ast-hfb-above-header-display":"","ast-hfb-below-header-display":"","ast-hfb-mobile-header-display":"","site-post-title":"","ast-breadcrumbs-content":"","ast-featured-img":"","footer-sml-layout":"","theme-transparent-header-meta":"","adv-header-id-meta":"","stick-header-meta":"","header-above-stick-meta":"","header-main-stick-meta":"","header-below-stick-meta":"","astra-migrate-meta-layouts":"default","ast-page-background-enabled":"default","ast-page-background-meta":{"desktop":{"background-color":"","background-image":"","background-repeat":"repeat","background-position":"center center","background-size":"auto","background-attachment":"scroll","background-type":"","background-media":"","overlay-type":"","overlay-color":"","overlay-opacity":"","overlay-gradient":""},"tablet":{"background-color":"","background-image":"","background-repeat":"repeat","background-position":"center center","background-size":"auto","background-attachment":"scroll","background-type":"","background-media":"","overlay-type":"","overlay-color":"","overlay-opacity":"","overlay-gradient":""},"mobile":{"background-color":"","background-image":"","background-repeat":"repeat","background-position":"center center","background-size":"auto","background-attachment":"scroll","background-type":"","background-media":"","overlay-type":"","overlay-color":"","overlay-opacity":"","overlay-gradient":""}},"ast-content-background-meta":{"desktop":{"background-color":"var(--ast-global-color-5)","background-image":"","background-repeat":"repeat","background-position":"center center","background-size":"auto","background-attachment":"scroll","background-type":"","background-media":"","overlay-type":"","overlay-color":"","overlay-opacity":"","overlay-gradient":""},"tablet":{"background-color":"var(--ast-global-color-5)","background-image":"","background-repeat":"repeat","background-position":"center center","background-size":"auto","background-attachment":"scroll","background-type":"","background-media":"","overlay-type":"","overlay-color":"","overlay-opacity":"","overlay-gradient":""},"mobile":{"background-color":"var(--ast-global-color-5)","background-image":"","background-repeat":"repeat","background-position":"center center","background-size":"auto","background-attachment":"scroll","background-type":"","background-media":"","overlay-type":"","overlay-color":"","overlay-opacity":"","overlay-gradient":""}},"footnotes":""},"categories":[1],"tags":[],"class_list":["post-9647","post","type-post","status-publish","format-standard","has-post-thumbnail","hentry","category-sin-categorizar"],"jetpack_featured_media_url":"https:\/\/www.policiadelneuquen.gob.ar\/wp-content\/uploads\/2021\/08\/IMG-20210817-WA0008.jpg","_links":{"self":[{"href":"https:\/\/www.policiadelneuquen.gob.ar\/index.php\/wp-json\/wp\/v2\/posts\/9647","targetHints":{"allow":["GET"]}}],"collection":[{"href":"https:\/\/www.policiadelneuquen.gob.ar\/index.php\/wp-json\/wp\/v2\/posts"}],"about":[{"href":"https:\/\/www.policiadelneuquen.gob.ar\/index.php\/wp-json\/wp\/v2\/types\/post"}],"author":[{"embeddable":true,"href":"https:\/\/www.policiadelneuquen.gob.ar\/index.php\/wp-json\/wp\/v2\/users\/14"}],"replies":[{"embeddable":true,"href":"https:\/\/www.policiadelneuquen.gob.ar\/index.php\/wp-json\/wp\/v2\/comments?post=9647"}],"version-history":[{"count":1,"href":"https:\/\/www.policiadelneuquen.gob.ar\/index.php\/wp-json\/wp\/v2\/posts\/9647\/revisions"}],"predecessor-version":[{"id":9649,"href":"https:\/\/www.policiadelneuquen.gob.ar\/index.php\/wp-json\/wp\/v2\/posts\/9647\/revisions\/9649"}],"wp:featuredmedia":[{"embeddable":true,"href":"https:\/\/www.policiadelneuquen.gob.ar\/index.php\/wp-json\/wp\/v2\/media\/9648"}],"wp:attachment":[{"href":"https:\/\/www.policiadelneuquen.gob.ar\/index.php\/wp-json\/wp\/v2\/media?parent=9647"}],"wp:term":[{"taxonomy":"category","embeddable":true,"href":"https:\/\/www.policiadelneuquen.gob.ar\/index.php\/wp-json\/wp\/v2\/categories?post=9647"},{"taxonomy":"post_tag","embeddable":true,"href":"https:\/\/www.policiadelneuquen.gob.ar\/index.php\/wp-json\/wp\/v2\/tags?post=9647"}],"curies":[{"name":"wp","href":"https:\/\/api.w.org\/{rel}","templated":true}]}}