{"id":9650,"date":"2021-08-18T10:03:56","date_gmt":"2021-08-18T13:03:56","guid":{"rendered":"https:\/\/www.policiadelneuquen.gob.ar\/?p=9650"},"modified":"2021-08-18T10:04:00","modified_gmt":"2021-08-18T13:04:00","slug":"cria-17-secuestro-vehiculares-y-demoras","status":"publish","type":"post","link":"https:\/\/www.policiadelneuquen.gob.ar\/index.php\/cria-17-secuestro-vehiculares-y-demoras\/","title":{"rendered":"Cr\u00eda 17\u00b0: Secuestro vehiculares y demoras"},"content":{"rendered":"\n<p>En las primeras horas del martes 17, personal de Comisar\u00eda 17\u00b0 con la colaboraci\u00f3n de personal de la Direcci\u00f3n Tr\u00e1nsito, secuestraron una motocicleta, infraccionaron a su conductor por falta de documentaci\u00f3n y horas m\u00e1s tarde, se demor\u00f3 a un hombre y una mujer por infracci\u00f3n al Art. 205\u00b0 del C.P.A y se secuestr\u00f3 el veh\u00edculo en el que circulaban.<\/p>\n\n\n\n<p>El primer procedimiento se llev\u00f3 a cabo a las 00:00 horas del martes en inmediaciones al barrio La Sirena, donde el personal realizaba patrullajes preventivos, momento que al circular por calle Luis Beltr\u00e1n y Combate de Chimehuin, observaron a un joven sin casco protector a bordo de una motocicleta Honda Wabe; fue all\u00ed&nbsp; que detuvieron su marcha y procedieron a identificar al joven de 18 a\u00f1os, quien carec\u00eda de todo tipo de documentaci\u00f3n habilitante para conducir, por cuanto solicitaron la presencia de personal de la Direcci\u00f3n Tr\u00e1nsito quienes, labraron las actas correspondientes y procedieron al secuestro del birrodado.<\/p>\n\n\n\n<p>Horas m\u00e1s tarde el personal policial, fue anoticiado v\u00eda telef\u00f3nica de un supuesto siniestro de tr\u00e1nsito sobre la calle 12 de septiembre y Bejarano, realizando un patrullaje por el interior del barrio Militar ubicando un veh\u00edculo Peugeot 207 blanco, con un hombre en su interior, quien al notar la presencia policial intent\u00f3 huir del lugar, pero a los pocos metros fue aprehendido; resisti\u00e9ndose en todo momento e insultando al personal policial.<\/p>\n\n\n\n<p>Al lugar lleg\u00f3 una mujer con la misma actitud agresiva hacia el personal policial e intentando entorpecer el procedimiento, por cuanto tambi\u00e9n fue demorada en el lugar.<\/p>\n\n\n\n<p>Como resultado ambas personas fueron aprehendidas y notificadas por infracci\u00f3n al Art. 205 del C.P.A, secuestrando el veh\u00edculo en el que circulaban, traslad\u00e1ndolos a la dependencia policial donde quedaron a disposici\u00f3n del \u00c1rea judicial.<\/p>\n","protected":false},"excerpt":{"rendered":"<p>En las primeras horas del martes 17, personal de Comisar\u00eda 17\u00b0 con la colaboraci\u00f3n de personal de la Direcci\u00f3n Tr\u00e1nsito, secuestraron una motocicleta, infraccionaron a su conductor por falta de documentaci\u00f3n y horas m\u00e1s tarde, se demor\u00f3 a un hombre y una mujer por infracci\u00f3n al Art. 205\u00b0 del C.P.A y se secuestr\u00f3 el veh\u00edculo [&hellip;]<\/p>\n","protected":false},"author":14,"featured_media":9651,"comment_status":"open","ping_status":"open","sticky":false,"template":"","format":"standard","meta":{"site-sidebar-layout":"default","site-content-layout":"","ast-site-content-layout":"","site-content-style":"default","site-sidebar-style":"default","ast-global-header-display":"","ast-banner-title-visibility":"","ast-main-header-display":"","ast-hfb-above-header-display":"","ast-hfb-below-header-display":"","ast-hfb-mobile-header-display":"","site-post-title":"","ast-breadcrumbs-content":"","ast-featured-img":"","footer-sml-layout":"","theme-transparent-header-meta":"","adv-header-id-meta":"","stick-header-meta":"","header-above-stick-meta":"","header-main-stick-meta":"","header-below-stick-meta":"","astra-migrate-meta-layouts":"default","ast-page-background-enabled":"default","ast-page-background-meta":{"desktop":{"background-color":"","background-image":"","background-repeat":"repeat","background-position":"center center","background-size":"auto","background-attachment":"scroll","background-type":"","background-media":"","overlay-type":"","overlay-color":"","overlay-opacity":"","overlay-gradient":""},"tablet":{"background-color":"","background-image":"","background-repeat":"repeat","background-position":"center center","background-size":"auto","background-attachment":"scroll","background-type":"","background-media":"","overlay-type":"","overlay-color":"","overlay-opacity":"","overlay-gradient":""},"mobile":{"background-color":"","background-image":"","background-repeat":"repeat","background-position":"center center","background-size":"auto","background-attachment":"scroll","background-type":"","background-media":"","overlay-type":"","overlay-color":"","overlay-opacity":"","overlay-gradient":""}},"ast-content-background-meta":{"desktop":{"background-color":"var(--ast-global-color-5)","background-image":"","background-repeat":"repeat","background-position":"center center","background-size":"auto","background-attachment":"scroll","background-type":"","background-media":"","overlay-type":"","overlay-color":"","overlay-opacity":"","overlay-gradient":""},"tablet":{"background-color":"var(--ast-global-color-5)","background-image":"","background-repeat":"repeat","background-position":"center center","background-size":"auto","background-attachment":"scroll","background-type":"","background-media":"","overlay-type":"","overlay-color":"","overlay-opacity":"","overlay-gradient":""},"mobile":{"background-color":"var(--ast-global-color-5)","background-image":"","background-repeat":"repeat","background-position":"center center","background-size":"auto","background-attachment":"scroll","background-type":"","background-media":"","overlay-type":"","overlay-color":"","overlay-opacity":"","overlay-gradient":""}},"footnotes":""},"categories":[1],"tags":[],"class_list":["post-9650","post","type-post","status-publish","format-standard","has-post-thumbnail","hentry","category-sin-categorizar"],"jetpack_featured_media_url":"https:\/\/www.policiadelneuquen.gob.ar\/wp-content\/uploads\/2021\/08\/cria-17-b.jpg","_links":{"self":[{"href":"https:\/\/www.policiadelneuquen.gob.ar\/index.php\/wp-json\/wp\/v2\/posts\/9650","targetHints":{"allow":["GET"]}}],"collection":[{"href":"https:\/\/www.policiadelneuquen.gob.ar\/index.php\/wp-json\/wp\/v2\/posts"}],"about":[{"href":"https:\/\/www.policiadelneuquen.gob.ar\/index.php\/wp-json\/wp\/v2\/types\/post"}],"author":[{"embeddable":true,"href":"https:\/\/www.policiadelneuquen.gob.ar\/index.php\/wp-json\/wp\/v2\/users\/14"}],"replies":[{"embeddable":true,"href":"https:\/\/www.policiadelneuquen.gob.ar\/index.php\/wp-json\/wp\/v2\/comments?post=9650"}],"version-history":[{"count":2,"href":"https:\/\/www.policiadelneuquen.gob.ar\/index.php\/wp-json\/wp\/v2\/posts\/9650\/revisions"}],"predecessor-version":[{"id":9654,"href":"https:\/\/www.policiadelneuquen.gob.ar\/index.php\/wp-json\/wp\/v2\/posts\/9650\/revisions\/9654"}],"wp:featuredmedia":[{"embeddable":true,"href":"https:\/\/www.policiadelneuquen.gob.ar\/index.php\/wp-json\/wp\/v2\/media\/9651"}],"wp:attachment":[{"href":"https:\/\/www.policiadelneuquen.gob.ar\/index.php\/wp-json\/wp\/v2\/media?parent=9650"}],"wp:term":[{"taxonomy":"category","embeddable":true,"href":"https:\/\/www.policiadelneuquen.gob.ar\/index.php\/wp-json\/wp\/v2\/categories?post=9650"},{"taxonomy":"post_tag","embeddable":true,"href":"https:\/\/www.policiadelneuquen.gob.ar\/index.php\/wp-json\/wp\/v2\/tags?post=9650"}],"curies":[{"name":"wp","href":"https:\/\/api.w.org\/{rel}","templated":true}]}}