{"id":9684,"date":"2021-08-19T09:57:48","date_gmt":"2021-08-19T12:57:48","guid":{"rendered":"https:\/\/www.policiadelneuquen.gob.ar\/?p=9684"},"modified":"2021-08-19T10:00:23","modified_gmt":"2021-08-19T13:00:23","slug":"0954-cria-4-dos-demorados-por-presunto-robo","status":"publish","type":"post","link":"https:\/\/www.policiadelneuquen.gob.ar\/index.php\/0954-cria-4-dos-demorados-por-presunto-robo\/","title":{"rendered":"09:54 Cr\u00eda.4\u00b0: Dos demorados por presunto robo"},"content":{"rendered":"\t\t<div data-elementor-type=\"wp-post\" data-elementor-id=\"9684\" class=\"elementor elementor-9684\">\n\t\t\t\t\t\t<section class=\"elementor-section elementor-top-section elementor-element elementor-element-ea4b9e elementor-section-boxed elementor-section-height-default elementor-section-height-default\" data-id=\"ea4b9e\" data-element_type=\"section\" data-e-type=\"section\">\n\t\t\t\t\t\t<div class=\"elementor-container elementor-column-gap-default\">\n\t\t\t\t\t<div class=\"elementor-column elementor-col-100 elementor-top-column elementor-element elementor-element-91eb86f\" data-id=\"91eb86f\" data-element_type=\"column\" data-e-type=\"column\">\n\t\t\t<div class=\"elementor-widget-wrap elementor-element-populated\">\n\t\t\t\t\t\t<div class=\"elementor-element elementor-element-32a22df5 elementor-widget elementor-widget-text-editor\" data-id=\"32a22df5\" data-element_type=\"widget\" data-e-type=\"widget\" data-widget_type=\"text-editor.default\">\n\t\t\t\t<div class=\"elementor-widget-container\">\n\t\t\t\t\t\t\t\t\t<p><\/p>\n<p>&nbsp;Poco antes de las nueve de la noche de ayer (18\/08), se registr\u00f3 un procedimiento en el que dos hombres quedaron demorados luego de sustraer una motocicleta.<\/p>\n<p><\/p>\n<p><\/p>\n<p>Dos sujetos, fueron sorprendidos cuando se llevaban una motocicleta a tiro por calle chresth\u00eda, lugar donde fueron divisados por uniformados que se dispusieron a identificarlos.<\/p>\n<p><\/p>\n<p><\/p>\n<p>Los malvivientes, al notar la presencia policial, se despojaron de la motocicleta para subirse a otro birrodado en la que emprendieron una huida de media cuadra, ya que en una mala maniobra, fueron colisionados por un veh\u00edculo.<\/p>\n<p><\/p>\n<p><\/p>\n<p>Aunque no sufrieron heridas de gravedad, fueron trasladados al Hospital para recibir atenci\u00f3n m\u00e9dica y posteriormente uno de ellos, tras recibir el alta, fue conducido a la Comisar\u00eda, donde se compulsaron los datos en los sistemas inform\u00e1ticos, arroj\u00f3 que presentaba tres pedidos en su contra a solicitud de la Fiscal\u00eda de Delitos Flagrantes, por tal motivo fue puesto a disposici\u00f3n de la Justicia.<\/p>\n<p><\/p>\n<p><\/p>\n<p>En cuanto a la motocicleta que dejaron abandonada, fue entregada a su propietario que se acerc\u00f3 a radicar la denuncia, en tanto la moto en la que protagonizaron el siniestro, registraba un pedido de secuestro por robo.<\/p>\n<p><\/p>\t\t\t\t\t\t\t\t<\/div>\n\t\t\t\t<\/div>\n\t\t\t\t\t<\/div>\n\t\t<\/div>\n\t\t\t\t\t<\/div>\n\t\t<\/section>\n\t\t\t\t<section class=\"elementor-section elementor-top-section elementor-element elementor-element-9a0c2ad elementor-section-boxed elementor-section-height-default elementor-section-height-default\" data-id=\"9a0c2ad\" data-element_type=\"section\" data-e-type=\"section\">\n\t\t\t\t\t\t<div class=\"elementor-container elementor-column-gap-default\">\n\t\t\t\t\t<div class=\"elementor-column elementor-col-100 elementor-top-column elementor-element elementor-element-e2f36e9\" data-id=\"e2f36e9\" data-element_type=\"column\" data-e-type=\"column\">\n\t\t\t<div class=\"elementor-widget-wrap elementor-element-populated\">\n\t\t\t\t\t\t<div class=\"elementor-element elementor-element-abda0da elementor-widget elementor-widget-image-gallery\" data-id=\"abda0da\" data-element_type=\"widget\" data-e-type=\"widget\" data-widget_type=\"image-gallery.default\">\n\t\t\t\t<div class=\"elementor-widget-container\">\n\t\t\t\t\t\t\t<div class=\"elementor-image-gallery\">\n\t\t\t<div id='gallery-1' class='gallery galleryid-9684 gallery-columns-4 gallery-size-thumbnail'><figure class='gallery-item'>\n\t\t\t<div class='gallery-icon portrait'>\n\t\t\t\t<a data-elementor-open-lightbox=\"yes\" data-elementor-lightbox-slideshow=\"abda0da\" data-elementor-lightbox-title=\"cuarta (1)\" data-e-action-hash=\"#elementor-action%3Aaction%3Dlightbox%26settings%3DeyJpZCI6OTY4OCwidXJsIjoiaHR0cHM6XC9cL3d3dy5wb2xpY2lhZGVsbmV1cXVlbi5nb2IuYXJcL3dwLWNvbnRlbnRcL3VwbG9hZHNcLzIwMjFcLzA4XC9jdWFydGEtMS5qcGVnIiwic2xpZGVzaG93IjoiYWJkYTBkYSJ9\" href='https:\/\/www.policiadelneuquen.gob.ar\/wp-content\/uploads\/2021\/08\/cuarta-1.jpeg'><img decoding=\"async\" width=\"150\" height=\"150\" src=\"https:\/\/www.policiadelneuquen.gob.ar\/wp-content\/uploads\/2021\/08\/cuarta-1-150x150.jpeg\" class=\"attachment-thumbnail size-thumbnail\" alt=\"\" srcset=\"https:\/\/www.policiadelneuquen.gob.ar\/wp-content\/uploads\/2021\/08\/cuarta-1-150x150.jpeg 150w, https:\/\/www.policiadelneuquen.gob.ar\/wp-content\/uploads\/2021\/08\/cuarta-1-250x250.jpeg 250w\" sizes=\"(max-width: 150px) 100vw, 150px\" \/><\/a>\n\t\t\t<\/div><\/figure><figure class='gallery-item'>\n\t\t\t<div class='gallery-icon landscape'>\n\t\t\t\t<a data-elementor-open-lightbox=\"yes\" data-elementor-lightbox-slideshow=\"abda0da\" data-elementor-lightbox-title=\"cuarta (3)\" data-e-action-hash=\"#elementor-action%3Aaction%3Dlightbox%26settings%3DeyJpZCI6OTY4NywidXJsIjoiaHR0cHM6XC9cL3d3dy5wb2xpY2lhZGVsbmV1cXVlbi5nb2IuYXJcL3dwLWNvbnRlbnRcL3VwbG9hZHNcLzIwMjFcLzA4XC9jdWFydGEtMy5qcGVnIiwic2xpZGVzaG93IjoiYWJkYTBkYSJ9\" href='https:\/\/www.policiadelneuquen.gob.ar\/wp-content\/uploads\/2021\/08\/cuarta-3.jpeg'><img decoding=\"async\" width=\"150\" height=\"150\" src=\"https:\/\/www.policiadelneuquen.gob.ar\/wp-content\/uploads\/2021\/08\/cuarta-3-150x150.jpeg\" class=\"attachment-thumbnail size-thumbnail\" alt=\"\" srcset=\"https:\/\/www.policiadelneuquen.gob.ar\/wp-content\/uploads\/2021\/08\/cuarta-3-150x150.jpeg 150w, https:\/\/www.policiadelneuquen.gob.ar\/wp-content\/uploads\/2021\/08\/cuarta-3-250x250.jpeg 250w\" sizes=\"(max-width: 150px) 100vw, 150px\" \/><\/a>\n\t\t\t<\/div><\/figure><figure class='gallery-item'>\n\t\t\t<div class='gallery-icon landscape'>\n\t\t\t\t<a data-elementor-open-lightbox=\"yes\" data-elementor-lightbox-slideshow=\"abda0da\" data-elementor-lightbox-title=\"cuarta (4)\" data-e-action-hash=\"#elementor-action%3Aaction%3Dlightbox%26settings%3DeyJpZCI6OTY4NSwidXJsIjoiaHR0cHM6XC9cL3d3dy5wb2xpY2lhZGVsbmV1cXVlbi5nb2IuYXJcL3dwLWNvbnRlbnRcL3VwbG9hZHNcLzIwMjFcLzA4XC9jdWFydGEtNC5qcGVnIiwic2xpZGVzaG93IjoiYWJkYTBkYSJ9\" href='https:\/\/www.policiadelneuquen.gob.ar\/wp-content\/uploads\/2021\/08\/cuarta-4.jpeg'><img decoding=\"async\" width=\"150\" height=\"150\" src=\"https:\/\/www.policiadelneuquen.gob.ar\/wp-content\/uploads\/2021\/08\/cuarta-4-150x150.jpeg\" class=\"attachment-thumbnail size-thumbnail\" alt=\"\" srcset=\"https:\/\/www.policiadelneuquen.gob.ar\/wp-content\/uploads\/2021\/08\/cuarta-4-150x150.jpeg 150w, https:\/\/www.policiadelneuquen.gob.ar\/wp-content\/uploads\/2021\/08\/cuarta-4-250x250.jpeg 250w\" sizes=\"(max-width: 150px) 100vw, 150px\" \/><\/a>\n\t\t\t<\/div><\/figure><figure class='gallery-item'>\n\t\t\t<div class='gallery-icon landscape'>\n\t\t\t\t<a data-elementor-open-lightbox=\"yes\" data-elementor-lightbox-slideshow=\"abda0da\" data-elementor-lightbox-title=\"cuarta (2)\" data-e-action-hash=\"#elementor-action%3Aaction%3Dlightbox%26settings%3DeyJpZCI6OTY4NiwidXJsIjoiaHR0cHM6XC9cL3d3dy5wb2xpY2lhZGVsbmV1cXVlbi5nb2IuYXJcL3dwLWNvbnRlbnRcL3VwbG9hZHNcLzIwMjFcLzA4XC9jdWFydGEtMi5qcGVnIiwic2xpZGVzaG93IjoiYWJkYTBkYSJ9\" href='https:\/\/www.policiadelneuquen.gob.ar\/wp-content\/uploads\/2021\/08\/cuarta-2.jpeg'><img loading=\"lazy\" decoding=\"async\" width=\"150\" height=\"150\" src=\"https:\/\/www.policiadelneuquen.gob.ar\/wp-content\/uploads\/2021\/08\/cuarta-2-150x150.jpeg\" class=\"attachment-thumbnail size-thumbnail\" alt=\"\" srcset=\"https:\/\/www.policiadelneuquen.gob.ar\/wp-content\/uploads\/2021\/08\/cuarta-2-150x150.jpeg 150w, https:\/\/www.policiadelneuquen.gob.ar\/wp-content\/uploads\/2021\/08\/cuarta-2-250x250.jpeg 250w\" sizes=\"(max-width: 150px) 100vw, 150px\" \/><\/a>\n\t\t\t<\/div><\/figure>\n\t\t<\/div>\n\t\t<\/div>\n\t\t\t\t\t\t<\/div>\n\t\t\t\t<\/div>\n\t\t\t\t\t<\/div>\n\t\t<\/div>\n\t\t\t\t\t<\/div>\n\t\t<\/section>\n\t\t\t\t<\/div>\n\t\t","protected":false},"excerpt":{"rendered":"<p>&nbsp;Poco antes de las nueve de la noche de ayer (18\/08), se registr\u00f3 un procedimiento en el que dos hombres quedaron demorados luego de sustraer una motocicleta. Dos sujetos, fueron sorprendidos cuando se llevaban una motocicleta a tiro por calle chresth\u00eda, lugar donde fueron divisados por uniformados que se dispusieron a identificarlos. Los malvivientes, al [&hellip;]<\/p>\n","protected":false},"author":6,"featured_media":9686,"comment_status":"open","ping_status":"open","sticky":false,"template":"","format":"standard","meta":{"site-sidebar-layout":"default","site-content-layout":"","ast-site-content-layout":"","site-content-style":"default","site-sidebar-style":"default","ast-global-header-display":"","ast-banner-title-visibility":"","ast-main-header-display":"","ast-hfb-above-header-display":"","ast-hfb-below-header-display":"","ast-hfb-mobile-header-display":"","site-post-title":"","ast-breadcrumbs-content":"","ast-featured-img":"","footer-sml-layout":"","theme-transparent-header-meta":"","adv-header-id-meta":"","stick-header-meta":"","header-above-stick-meta":"","header-main-stick-meta":"","header-below-stick-meta":"","astra-migrate-meta-layouts":"default","ast-page-background-enabled":"default","ast-page-background-meta":{"desktop":{"background-color":"","background-image":"","background-repeat":"repeat","background-position":"center center","background-size":"auto","background-attachment":"scroll","background-type":"","background-media":"","overlay-type":"","overlay-color":"","overlay-opacity":"","overlay-gradient":""},"tablet":{"background-color":"","background-image":"","background-repeat":"repeat","background-position":"center center","background-size":"auto","background-attachment":"scroll","background-type":"","background-media":"","overlay-type":"","overlay-color":"","overlay-opacity":"","overlay-gradient":""},"mobile":{"background-color":"","background-image":"","background-repeat":"repeat","background-position":"center center","background-size":"auto","background-attachment":"scroll","background-type":"","background-media":"","overlay-type":"","overlay-color":"","overlay-opacity":"","overlay-gradient":""}},"ast-content-background-meta":{"desktop":{"background-color":"var(--ast-global-color-5)","background-image":"","background-repeat":"repeat","background-position":"center center","background-size":"auto","background-attachment":"scroll","background-type":"","background-media":"","overlay-type":"","overlay-color":"","overlay-opacity":"","overlay-gradient":""},"tablet":{"background-color":"var(--ast-global-color-5)","background-image":"","background-repeat":"repeat","background-position":"center center","background-size":"auto","background-attachment":"scroll","background-type":"","background-media":"","overlay-type":"","overlay-color":"","overlay-opacity":"","overlay-gradient":""},"mobile":{"background-color":"var(--ast-global-color-5)","background-image":"","background-repeat":"repeat","background-position":"center center","background-size":"auto","background-attachment":"scroll","background-type":"","background-media":"","overlay-type":"","overlay-color":"","overlay-opacity":"","overlay-gradient":""}},"footnotes":""},"categories":[1],"tags":[],"class_list":["post-9684","post","type-post","status-publish","format-standard","has-post-thumbnail","hentry","category-sin-categorizar"],"jetpack_featured_media_url":"https:\/\/www.policiadelneuquen.gob.ar\/wp-content\/uploads\/2021\/08\/cuarta-2.jpeg","_links":{"self":[{"href":"https:\/\/www.policiadelneuquen.gob.ar\/index.php\/wp-json\/wp\/v2\/posts\/9684","targetHints":{"allow":["GET"]}}],"collection":[{"href":"https:\/\/www.policiadelneuquen.gob.ar\/index.php\/wp-json\/wp\/v2\/posts"}],"about":[{"href":"https:\/\/www.policiadelneuquen.gob.ar\/index.php\/wp-json\/wp\/v2\/types\/post"}],"author":[{"embeddable":true,"href":"https:\/\/www.policiadelneuquen.gob.ar\/index.php\/wp-json\/wp\/v2\/users\/6"}],"replies":[{"embeddable":true,"href":"https:\/\/www.policiadelneuquen.gob.ar\/index.php\/wp-json\/wp\/v2\/comments?post=9684"}],"version-history":[{"count":4,"href":"https:\/\/www.policiadelneuquen.gob.ar\/index.php\/wp-json\/wp\/v2\/posts\/9684\/revisions"}],"predecessor-version":[{"id":9693,"href":"https:\/\/www.policiadelneuquen.gob.ar\/index.php\/wp-json\/wp\/v2\/posts\/9684\/revisions\/9693"}],"wp:featuredmedia":[{"embeddable":true,"href":"https:\/\/www.policiadelneuquen.gob.ar\/index.php\/wp-json\/wp\/v2\/media\/9686"}],"wp:attachment":[{"href":"https:\/\/www.policiadelneuquen.gob.ar\/index.php\/wp-json\/wp\/v2\/media?parent=9684"}],"wp:term":[{"taxonomy":"category","embeddable":true,"href":"https:\/\/www.policiadelneuquen.gob.ar\/index.php\/wp-json\/wp\/v2\/categories?post=9684"},{"taxonomy":"post_tag","embeddable":true,"href":"https:\/\/www.policiadelneuquen.gob.ar\/index.php\/wp-json\/wp\/v2\/tags?post=9684"}],"curies":[{"name":"wp","href":"https:\/\/api.w.org\/{rel}","templated":true}]}}