{"id":9774,"date":"2021-08-21T11:03:35","date_gmt":"2021-08-21T14:03:35","guid":{"rendered":"https:\/\/www.policiadelneuquen.gob.ar\/?p=9774"},"modified":"2021-08-21T11:03:39","modified_gmt":"2021-08-21T14:03:39","slug":"cria-16-recuperan-motocicleta-sustraida-de-una-casa","status":"publish","type":"post","link":"https:\/\/www.policiadelneuquen.gob.ar\/index.php\/cria-16-recuperan-motocicleta-sustraida-de-una-casa\/","title":{"rendered":"Cria.  16\u00b0: recuperan motocicleta sustra\u00edda de una casa."},"content":{"rendered":"\n<p>Hoy en la madrugada (21\/08), personal de Comisar\u00eda 16\u00b0 recuper\u00f3 una motocicleta sustra\u00edda de un domicilio, tras un procedimiento llevado a cabo en el oeste capitalino.<\/p>\n\n\n\n<p>Todo comenz\u00f3 minutos antes de las 05.00, a solicitud del COP personal policial se constituyo en calles Las Gaviotas y Belgrano, por un masculino que trasladaba a pulso una motocicleta. Por lo que se realizo patrullaje por el sector, divisando al masculino en calles Los Zorzales y Las Gaviotas, donde el mismo al notar la presencia policial arrojo dicho rodado al suelo y emprendio la huida por los patios de las viviendas del lugar, no logrando su aprehensi\u00f3n.<\/p>\n\n\n\n<p>Al compulsar los datos del&nbsp;birrodado,&nbsp;Motomel 110 cc de color gris, personal del Departamento Automotores informo que el veh\u00edculo se encontraba verificado sin novedad por el momento.<\/p>\n\n\n\n<p>Como resultado, la motocicleta fue secuestrada y horas&nbsp;m\u00e1s tardes se hizo presente en la unidad una mujer de 34 a\u00f1os, la cual refiri\u00f3 que en el transcurso de la noche le habr\u00edan sustra\u00eddo su motocicleta del interior de su domicilio.<\/p>\n","protected":false},"excerpt":{"rendered":"<p>Hoy en la madrugada (21\/08), personal de Comisar\u00eda 16\u00b0 recuper\u00f3 una motocicleta sustra\u00edda de un domicilio, tras un procedimiento llevado a cabo en el oeste capitalino. Todo comenz\u00f3 minutos antes de las 05.00, a solicitud del COP personal policial se constituyo en calles Las Gaviotas y Belgrano, por un masculino que trasladaba a pulso una [&hellip;]<\/p>\n","protected":false},"author":14,"featured_media":9775,"comment_status":"open","ping_status":"open","sticky":false,"template":"","format":"standard","meta":{"site-sidebar-layout":"default","site-content-layout":"","ast-site-content-layout":"","site-content-style":"default","site-sidebar-style":"default","ast-global-header-display":"","ast-banner-title-visibility":"","ast-main-header-display":"","ast-hfb-above-header-display":"","ast-hfb-below-header-display":"","ast-hfb-mobile-header-display":"","site-post-title":"","ast-breadcrumbs-content":"","ast-featured-img":"","footer-sml-layout":"","theme-transparent-header-meta":"","adv-header-id-meta":"","stick-header-meta":"","header-above-stick-meta":"","header-main-stick-meta":"","header-below-stick-meta":"","astra-migrate-meta-layouts":"default","ast-page-background-enabled":"default","ast-page-background-meta":{"desktop":{"background-color":"","background-image":"","background-repeat":"repeat","background-position":"center center","background-size":"auto","background-attachment":"scroll","background-type":"","background-media":"","overlay-type":"","overlay-color":"","overlay-opacity":"","overlay-gradient":""},"tablet":{"background-color":"","background-image":"","background-repeat":"repeat","background-position":"center center","background-size":"auto","background-attachment":"scroll","background-type":"","background-media":"","overlay-type":"","overlay-color":"","overlay-opacity":"","overlay-gradient":""},"mobile":{"background-color":"","background-image":"","background-repeat":"repeat","background-position":"center center","background-size":"auto","background-attachment":"scroll","background-type":"","background-media":"","overlay-type":"","overlay-color":"","overlay-opacity":"","overlay-gradient":""}},"ast-content-background-meta":{"desktop":{"background-color":"var(--ast-global-color-5)","background-image":"","background-repeat":"repeat","background-position":"center center","background-size":"auto","background-attachment":"scroll","background-type":"","background-media":"","overlay-type":"","overlay-color":"","overlay-opacity":"","overlay-gradient":""},"tablet":{"background-color":"var(--ast-global-color-5)","background-image":"","background-repeat":"repeat","background-position":"center center","background-size":"auto","background-attachment":"scroll","background-type":"","background-media":"","overlay-type":"","overlay-color":"","overlay-opacity":"","overlay-gradient":""},"mobile":{"background-color":"var(--ast-global-color-5)","background-image":"","background-repeat":"repeat","background-position":"center center","background-size":"auto","background-attachment":"scroll","background-type":"","background-media":"","overlay-type":"","overlay-color":"","overlay-opacity":"","overlay-gradient":""}},"footnotes":""},"categories":[1],"tags":[],"class_list":["post-9774","post","type-post","status-publish","format-standard","has-post-thumbnail","hentry","category-sin-categorizar"],"jetpack_featured_media_url":"https:\/\/www.policiadelneuquen.gob.ar\/wp-content\/uploads\/2021\/08\/A22ABAB9-6674-47E6-A852-624D065F4379.jpeg","_links":{"self":[{"href":"https:\/\/www.policiadelneuquen.gob.ar\/index.php\/wp-json\/wp\/v2\/posts\/9774","targetHints":{"allow":["GET"]}}],"collection":[{"href":"https:\/\/www.policiadelneuquen.gob.ar\/index.php\/wp-json\/wp\/v2\/posts"}],"about":[{"href":"https:\/\/www.policiadelneuquen.gob.ar\/index.php\/wp-json\/wp\/v2\/types\/post"}],"author":[{"embeddable":true,"href":"https:\/\/www.policiadelneuquen.gob.ar\/index.php\/wp-json\/wp\/v2\/users\/14"}],"replies":[{"embeddable":true,"href":"https:\/\/www.policiadelneuquen.gob.ar\/index.php\/wp-json\/wp\/v2\/comments?post=9774"}],"version-history":[{"count":1,"href":"https:\/\/www.policiadelneuquen.gob.ar\/index.php\/wp-json\/wp\/v2\/posts\/9774\/revisions"}],"predecessor-version":[{"id":9776,"href":"https:\/\/www.policiadelneuquen.gob.ar\/index.php\/wp-json\/wp\/v2\/posts\/9774\/revisions\/9776"}],"wp:featuredmedia":[{"embeddable":true,"href":"https:\/\/www.policiadelneuquen.gob.ar\/index.php\/wp-json\/wp\/v2\/media\/9775"}],"wp:attachment":[{"href":"https:\/\/www.policiadelneuquen.gob.ar\/index.php\/wp-json\/wp\/v2\/media?parent=9774"}],"wp:term":[{"taxonomy":"category","embeddable":true,"href":"https:\/\/www.policiadelneuquen.gob.ar\/index.php\/wp-json\/wp\/v2\/categories?post=9774"},{"taxonomy":"post_tag","embeddable":true,"href":"https:\/\/www.policiadelneuquen.gob.ar\/index.php\/wp-json\/wp\/v2\/tags?post=9774"}],"curies":[{"name":"wp","href":"https:\/\/api.w.org\/{rel}","templated":true}]}}