{"id":9780,"date":"2021-08-22T14:47:30","date_gmt":"2021-08-22T17:47:30","guid":{"rendered":"https:\/\/www.policiadelneuquen.gob.ar\/?p=9780"},"modified":"2021-08-22T14:51:21","modified_gmt":"2021-08-22T17:51:21","slug":"1447-cria-3-alcoholemia-positiva-y-notificacion-por-transgredir-el-articulo-205-del-c-p-a","status":"publish","type":"post","link":"https:\/\/www.policiadelneuquen.gob.ar\/index.php\/1447-cria-3-alcoholemia-positiva-y-notificacion-por-transgredir-el-articulo-205-del-c-p-a\/","title":{"rendered":"14:47 &#8211; CR\u00cdA 3\u00b0: Alcoholemia positiva y notificaci\u00f3n por transgredir el Art\u00edculo 205\u00b0 del C.P.A."},"content":{"rendered":"\t\t<div data-elementor-type=\"wp-post\" data-elementor-id=\"9780\" class=\"elementor elementor-9780\">\n\t\t\t\t\t\t<section class=\"elementor-section elementor-top-section elementor-element elementor-element-571ad7c1 elementor-section-boxed elementor-section-height-default elementor-section-height-default\" data-id=\"571ad7c1\" data-element_type=\"section\" data-e-type=\"section\">\n\t\t\t\t\t\t<div class=\"elementor-container elementor-column-gap-default\">\n\t\t\t\t\t<div class=\"elementor-column elementor-col-100 elementor-top-column elementor-element elementor-element-3ecbbf26\" data-id=\"3ecbbf26\" data-element_type=\"column\" data-e-type=\"column\">\n\t\t\t<div class=\"elementor-widget-wrap elementor-element-populated\">\n\t\t\t\t\t\t<div class=\"elementor-element elementor-element-7139b982 elementor-widget elementor-widget-text-editor\" data-id=\"7139b982\" data-element_type=\"widget\" data-e-type=\"widget\" data-widget_type=\"text-editor.default\">\n\t\t\t\t<div class=\"elementor-widget-container\">\n\t\t\t\t\t\t\t\t\t\n<p style=\"font-size:22px\">Personal de Comisar\u00eda tercera notific\u00f3 en la madrugada de hoy (22\/08), a tres hombres mayores de edad por circular fuera del horario permitido, cuando se movilizaban en un autom\u00f3vil por las calles del oeste de la ciudad. Adem\u00e1s, el conductor arroj\u00f3 alcoholemia positiva, por lo que se le secuestr\u00f3 la licencia de conducir.<\/p>\n\n\n\n<p style=\"font-size:22px\">El hecho se registr\u00f3 minutos despu\u00e9s de las 04:15, cuando uniformados de la Dependencia Policial Tercera, fueron alertados por el operador del Centro de Operaciones Policiales de la presencia de un autom\u00f3vil VW Polo con tres ocupantes en interior en actitud sospechosa.<\/p>\n\n\n\n<p style=\"font-size:22px\">Luego de unos minutos, un m\u00f3vil logr\u00f3 divisarlos en inmediaciones de calle San Mart\u00edn y Mascardi, donde fueron interceptados e identificados.<\/p>\n\n\n\n<p style=\"font-size:22px\">Al ser consultados por el motivo de circulaci\u00f3n, los tres ocupantes no pudieron justificar su permanencia en la v\u00eda p\u00fablica; notando adem\u00e1s que el conductor emanaba aliento et\u00edlico por lo que los polic\u00edas requirieron la presencia de sus pares de la Direcci\u00f3n Tr\u00e1nsito, los cuales efectivizaron el test de alcoholemia, constatando que el sujeto conduc\u00eda con resultado positivo de 0,48 g\/l.<\/p>\n\n\n\n<p style=\"font-size:22px\">Como consecuencia, procedieron a secuestrar la licencia de conducir por alcoholemia positiva y a notificar a los tres sujetos por transgredir el Art\u00edculo 205 del C\u00f3digo Penal Argentino.<\/p>\n\n\n\n<p style=\"font-size:22px\">Finalmente, cedieron la conducci\u00f3n del rodado a una persona responsable.<\/p>\n\t\t\t\t\t\t\t\t<\/div>\n\t\t\t\t<\/div>\n\t\t\t\t\t<\/div>\n\t\t<\/div>\n\t\t\t\t\t<\/div>\n\t\t<\/section>\n\t\t\t\t<section class=\"elementor-section elementor-top-section elementor-element elementor-element-9d765cc elementor-section-boxed elementor-section-height-default elementor-section-height-default\" data-id=\"9d765cc\" data-element_type=\"section\" data-e-type=\"section\">\n\t\t\t\t\t\t<div class=\"elementor-container elementor-column-gap-default\">\n\t\t\t\t\t<div class=\"elementor-column elementor-col-100 elementor-top-column elementor-element elementor-element-1ffcf27\" data-id=\"1ffcf27\" data-element_type=\"column\" data-e-type=\"column\">\n\t\t\t<div class=\"elementor-widget-wrap elementor-element-populated\">\n\t\t\t\t\t\t<div class=\"elementor-element elementor-element-b6aa7c6 elementor-widget elementor-widget-image-gallery\" data-id=\"b6aa7c6\" data-element_type=\"widget\" data-e-type=\"widget\" data-widget_type=\"image-gallery.default\">\n\t\t\t\t<div class=\"elementor-widget-container\">\n\t\t\t\t\t\t\t<div class=\"elementor-image-gallery\">\n\t\t\t<div id='gallery-1' class='gallery galleryid-9780 gallery-columns-2 gallery-size-thumbnail'><figure class='gallery-item'>\n\t\t\t<div class='gallery-icon landscape'>\n\t\t\t\t<a data-elementor-open-lightbox=\"yes\" data-elementor-lightbox-slideshow=\"b6aa7c6\" data-elementor-lightbox-title=\"IMG2\" data-e-action-hash=\"#elementor-action%3Aaction%3Dlightbox%26settings%3DeyJpZCI6OTc4MiwidXJsIjoiaHR0cHM6XC9cL3d3dy5wb2xpY2lhZGVsbmV1cXVlbi5nb2IuYXJcL3dwLWNvbnRlbnRcL3VwbG9hZHNcLzIwMjFcLzA4XC90ZXJjZXJhMi5wbmciLCJzbGlkZXNob3ciOiJiNmFhN2M2In0%3D\" href='https:\/\/www.policiadelneuquen.gob.ar\/wp-content\/uploads\/2021\/08\/tercera2.png'><img decoding=\"async\" width=\"150\" height=\"150\" src=\"https:\/\/www.policiadelneuquen.gob.ar\/wp-content\/uploads\/2021\/08\/tercera2-150x150.png\" class=\"attachment-thumbnail size-thumbnail\" alt=\"\" srcset=\"https:\/\/www.policiadelneuquen.gob.ar\/wp-content\/uploads\/2021\/08\/tercera2-150x150.png 150w, https:\/\/www.policiadelneuquen.gob.ar\/wp-content\/uploads\/2021\/08\/tercera2-250x250.png 250w\" sizes=\"(max-width: 150px) 100vw, 150px\" \/><\/a>\n\t\t\t<\/div><\/figure><figure class='gallery-item'>\n\t\t\t<div class='gallery-icon landscape'>\n\t\t\t\t<a data-elementor-open-lightbox=\"yes\" data-elementor-lightbox-slideshow=\"b6aa7c6\" data-elementor-lightbox-title=\"IMG1\" data-e-action-hash=\"#elementor-action%3Aaction%3Dlightbox%26settings%3DeyJpZCI6OTc4MSwidXJsIjoiaHR0cHM6XC9cL3d3dy5wb2xpY2lhZGVsbmV1cXVlbi5nb2IuYXJcL3dwLWNvbnRlbnRcL3VwbG9hZHNcLzIwMjFcLzA4XC90ZXJjZXJhMS5wbmciLCJzbGlkZXNob3ciOiJiNmFhN2M2In0%3D\" href='https:\/\/www.policiadelneuquen.gob.ar\/wp-content\/uploads\/2021\/08\/tercera1.png'><img decoding=\"async\" width=\"150\" height=\"150\" src=\"https:\/\/www.policiadelneuquen.gob.ar\/wp-content\/uploads\/2021\/08\/tercera1-150x150.png\" class=\"attachment-thumbnail size-thumbnail\" alt=\"\" srcset=\"https:\/\/www.policiadelneuquen.gob.ar\/wp-content\/uploads\/2021\/08\/tercera1-150x150.png 150w, https:\/\/www.policiadelneuquen.gob.ar\/wp-content\/uploads\/2021\/08\/tercera1-250x250.png 250w\" sizes=\"(max-width: 150px) 100vw, 150px\" \/><\/a>\n\t\t\t<\/div><\/figure>\n\t\t<\/div>\n\t\t<\/div>\n\t\t\t\t\t\t<\/div>\n\t\t\t\t<\/div>\n\t\t\t\t\t<\/div>\n\t\t<\/div>\n\t\t\t\t\t<\/div>\n\t\t<\/section>\n\t\t\t\t<\/div>\n\t\t","protected":false},"excerpt":{"rendered":"<p>Personal de Comisar\u00eda tercera notific\u00f3 en la madrugada de hoy (22\/08), a tres hombres mayores de edad por circular fuera del horario permitido, cuando se movilizaban en un autom\u00f3vil por las calles del oeste de la ciudad. Adem\u00e1s, el conductor arroj\u00f3 alcoholemia positiva, por lo que se le secuestr\u00f3 la licencia de conducir. El hecho [&hellip;]<\/p>\n","protected":false},"author":9,"featured_media":9781,"comment_status":"open","ping_status":"open","sticky":false,"template":"","format":"standard","meta":{"site-sidebar-layout":"default","site-content-layout":"","ast-site-content-layout":"","site-content-style":"default","site-sidebar-style":"default","ast-global-header-display":"","ast-banner-title-visibility":"","ast-main-header-display":"","ast-hfb-above-header-display":"","ast-hfb-below-header-display":"","ast-hfb-mobile-header-display":"","site-post-title":"","ast-breadcrumbs-content":"","ast-featured-img":"","footer-sml-layout":"","theme-transparent-header-meta":"","adv-header-id-meta":"","stick-header-meta":"","header-above-stick-meta":"","header-main-stick-meta":"","header-below-stick-meta":"","astra-migrate-meta-layouts":"default","ast-page-background-enabled":"default","ast-page-background-meta":{"desktop":{"background-color":"","background-image":"","background-repeat":"repeat","background-position":"center center","background-size":"auto","background-attachment":"scroll","background-type":"","background-media":"","overlay-type":"","overlay-color":"","overlay-opacity":"","overlay-gradient":""},"tablet":{"background-color":"","background-image":"","background-repeat":"repeat","background-position":"center center","background-size":"auto","background-attachment":"scroll","background-type":"","background-media":"","overlay-type":"","overlay-color":"","overlay-opacity":"","overlay-gradient":""},"mobile":{"background-color":"","background-image":"","background-repeat":"repeat","background-position":"center center","background-size":"auto","background-attachment":"scroll","background-type":"","background-media":"","overlay-type":"","overlay-color":"","overlay-opacity":"","overlay-gradient":""}},"ast-content-background-meta":{"desktop":{"background-color":"var(--ast-global-color-5)","background-image":"","background-repeat":"repeat","background-position":"center center","background-size":"auto","background-attachment":"scroll","background-type":"","background-media":"","overlay-type":"","overlay-color":"","overlay-opacity":"","overlay-gradient":""},"tablet":{"background-color":"var(--ast-global-color-5)","background-image":"","background-repeat":"repeat","background-position":"center center","background-size":"auto","background-attachment":"scroll","background-type":"","background-media":"","overlay-type":"","overlay-color":"","overlay-opacity":"","overlay-gradient":""},"mobile":{"background-color":"var(--ast-global-color-5)","background-image":"","background-repeat":"repeat","background-position":"center center","background-size":"auto","background-attachment":"scroll","background-type":"","background-media":"","overlay-type":"","overlay-color":"","overlay-opacity":"","overlay-gradient":""}},"footnotes":""},"categories":[1],"tags":[],"class_list":["post-9780","post","type-post","status-publish","format-standard","has-post-thumbnail","hentry","category-sin-categorizar"],"jetpack_featured_media_url":"https:\/\/www.policiadelneuquen.gob.ar\/wp-content\/uploads\/2021\/08\/tercera1.png","_links":{"self":[{"href":"https:\/\/www.policiadelneuquen.gob.ar\/index.php\/wp-json\/wp\/v2\/posts\/9780","targetHints":{"allow":["GET"]}}],"collection":[{"href":"https:\/\/www.policiadelneuquen.gob.ar\/index.php\/wp-json\/wp\/v2\/posts"}],"about":[{"href":"https:\/\/www.policiadelneuquen.gob.ar\/index.php\/wp-json\/wp\/v2\/types\/post"}],"author":[{"embeddable":true,"href":"https:\/\/www.policiadelneuquen.gob.ar\/index.php\/wp-json\/wp\/v2\/users\/9"}],"replies":[{"embeddable":true,"href":"https:\/\/www.policiadelneuquen.gob.ar\/index.php\/wp-json\/wp\/v2\/comments?post=9780"}],"version-history":[{"count":11,"href":"https:\/\/www.policiadelneuquen.gob.ar\/index.php\/wp-json\/wp\/v2\/posts\/9780\/revisions"}],"predecessor-version":[{"id":9793,"href":"https:\/\/www.policiadelneuquen.gob.ar\/index.php\/wp-json\/wp\/v2\/posts\/9780\/revisions\/9793"}],"wp:featuredmedia":[{"embeddable":true,"href":"https:\/\/www.policiadelneuquen.gob.ar\/index.php\/wp-json\/wp\/v2\/media\/9781"}],"wp:attachment":[{"href":"https:\/\/www.policiadelneuquen.gob.ar\/index.php\/wp-json\/wp\/v2\/media?parent=9780"}],"wp:term":[{"taxonomy":"category","embeddable":true,"href":"https:\/\/www.policiadelneuquen.gob.ar\/index.php\/wp-json\/wp\/v2\/categories?post=9780"},{"taxonomy":"post_tag","embeddable":true,"href":"https:\/\/www.policiadelneuquen.gob.ar\/index.php\/wp-json\/wp\/v2\/tags?post=9780"}],"curies":[{"name":"wp","href":"https:\/\/api.w.org\/{rel}","templated":true}]}}