{"id":9806,"date":"2021-08-22T17:06:41","date_gmt":"2021-08-22T20:06:41","guid":{"rendered":"https:\/\/www.policiadelneuquen.gob.ar\/?p=9806"},"modified":"2021-08-22T17:24:06","modified_gmt":"2021-08-22T20:24:06","slug":"1702-centenario-demorado-con-pedido-de-captura","status":"publish","type":"post","link":"https:\/\/www.policiadelneuquen.gob.ar\/index.php\/1702-centenario-demorado-con-pedido-de-captura\/","title":{"rendered":"17:02 Centenario: Demorado con pedido de captura."},"content":{"rendered":"\t\t<div data-elementor-type=\"wp-post\" data-elementor-id=\"9806\" class=\"elementor elementor-9806\">\n\t\t\t\t\t\t<section class=\"elementor-section elementor-top-section elementor-element elementor-element-32025bad elementor-section-boxed elementor-section-height-default elementor-section-height-default\" data-id=\"32025bad\" data-element_type=\"section\" data-e-type=\"section\">\n\t\t\t\t\t\t<div class=\"elementor-container elementor-column-gap-default\">\n\t\t\t\t\t<div class=\"elementor-column elementor-col-100 elementor-top-column elementor-element elementor-element-4ee08b23\" data-id=\"4ee08b23\" data-element_type=\"column\" data-e-type=\"column\">\n\t\t\t<div class=\"elementor-widget-wrap elementor-element-populated\">\n\t\t\t\t\t\t<div class=\"elementor-element elementor-element-4223ef35 elementor-widget elementor-widget-text-editor\" data-id=\"4223ef35\" data-element_type=\"widget\" data-e-type=\"widget\" data-widget_type=\"text-editor.default\">\n\t\t\t\t<div class=\"elementor-widget-container\">\n\t\t\t\t\t\t\t\t\t\n<p>Ayer s\u00e1bado (21\/08), personal de Comisar\u00eda Quinta demor\u00f3 a dos hombres mayores de edad tras un procedimiento de rutina. Adem\u00e1s, constataron que uno de ellos presentaba un pedido de captura por robo.<\/p>\n<p>El episodio tuvo lugar pasadas las 23.50, cuando efectivos se hicieron presentes en una vivienda ubicada en el barrio del Alto, por un llamado realizado a la guardia de Comisar\u00eda que daba cuenta de un conflicto familiar.<\/p>\n<p>En el inmueble, los uniformados intentaron dialogar con dos sujetos de 41 y 38 a\u00f1os, pero estos comenzaron a realizar desorden por lo que fueron demorados.<\/p>\n<p>Tras compulsar los datos en los sistemas inform\u00e1ticos, arroj\u00f3 que el primero de ellos presentaba un pedido de captura en su contra, a solicitud de Comisar\u00eda Segunda por estar involucrado en una causa por robo con fecha del pasado 16 de octubre del 2020.<\/p>\n<p>Finalmente, las personas fueron trasladadas a sede policial, quedando a disposici\u00f3n de la Justicia.\u00a0<\/p>\n\t\t\t\t\t\t\t\t<\/div>\n\t\t\t\t<\/div>\n\t\t\t\t\t<\/div>\n\t\t<\/div>\n\t\t\t\t\t<\/div>\n\t\t<\/section>\n\t\t\t\t<\/div>\n\t\t","protected":false},"excerpt":{"rendered":"<p>Ayer s\u00e1bado (21\/08), personal de Comisar\u00eda Quinta demor\u00f3 a dos hombres mayores de edad tras un procedimiento de rutina. Adem\u00e1s, constataron que uno de ellos presentaba un pedido de captura por robo. El episodio tuvo lugar pasadas las 23.50, cuando efectivos se hicieron presentes en una vivienda ubicada en el barrio del Alto, por un [&hellip;]<\/p>\n","protected":false},"author":6,"featured_media":9467,"comment_status":"open","ping_status":"open","sticky":false,"template":"","format":"standard","meta":{"site-sidebar-layout":"default","site-content-layout":"","ast-site-content-layout":"","site-content-style":"default","site-sidebar-style":"default","ast-global-header-display":"","ast-banner-title-visibility":"","ast-main-header-display":"","ast-hfb-above-header-display":"","ast-hfb-below-header-display":"","ast-hfb-mobile-header-display":"","site-post-title":"","ast-breadcrumbs-content":"","ast-featured-img":"","footer-sml-layout":"","theme-transparent-header-meta":"","adv-header-id-meta":"","stick-header-meta":"","header-above-stick-meta":"","header-main-stick-meta":"","header-below-stick-meta":"","astra-migrate-meta-layouts":"default","ast-page-background-enabled":"default","ast-page-background-meta":{"desktop":{"background-color":"","background-image":"","background-repeat":"repeat","background-position":"center center","background-size":"auto","background-attachment":"scroll","background-type":"","background-media":"","overlay-type":"","overlay-color":"","overlay-opacity":"","overlay-gradient":""},"tablet":{"background-color":"","background-image":"","background-repeat":"repeat","background-position":"center center","background-size":"auto","background-attachment":"scroll","background-type":"","background-media":"","overlay-type":"","overlay-color":"","overlay-opacity":"","overlay-gradient":""},"mobile":{"background-color":"","background-image":"","background-repeat":"repeat","background-position":"center center","background-size":"auto","background-attachment":"scroll","background-type":"","background-media":"","overlay-type":"","overlay-color":"","overlay-opacity":"","overlay-gradient":""}},"ast-content-background-meta":{"desktop":{"background-color":"var(--ast-global-color-5)","background-image":"","background-repeat":"repeat","background-position":"center center","background-size":"auto","background-attachment":"scroll","background-type":"","background-media":"","overlay-type":"","overlay-color":"","overlay-opacity":"","overlay-gradient":""},"tablet":{"background-color":"var(--ast-global-color-5)","background-image":"","background-repeat":"repeat","background-position":"center center","background-size":"auto","background-attachment":"scroll","background-type":"","background-media":"","overlay-type":"","overlay-color":"","overlay-opacity":"","overlay-gradient":""},"mobile":{"background-color":"var(--ast-global-color-5)","background-image":"","background-repeat":"repeat","background-position":"center center","background-size":"auto","background-attachment":"scroll","background-type":"","background-media":"","overlay-type":"","overlay-color":"","overlay-opacity":"","overlay-gradient":""}},"footnotes":""},"categories":[1],"tags":[],"class_list":["post-9806","post","type-post","status-publish","format-standard","has-post-thumbnail","hentry","category-sin-categorizar"],"jetpack_featured_media_url":"https:\/\/www.policiadelneuquen.gob.ar\/wp-content\/uploads\/2021\/08\/PLACA-GENERICA.png","_links":{"self":[{"href":"https:\/\/www.policiadelneuquen.gob.ar\/index.php\/wp-json\/wp\/v2\/posts\/9806","targetHints":{"allow":["GET"]}}],"collection":[{"href":"https:\/\/www.policiadelneuquen.gob.ar\/index.php\/wp-json\/wp\/v2\/posts"}],"about":[{"href":"https:\/\/www.policiadelneuquen.gob.ar\/index.php\/wp-json\/wp\/v2\/types\/post"}],"author":[{"embeddable":true,"href":"https:\/\/www.policiadelneuquen.gob.ar\/index.php\/wp-json\/wp\/v2\/users\/6"}],"replies":[{"embeddable":true,"href":"https:\/\/www.policiadelneuquen.gob.ar\/index.php\/wp-json\/wp\/v2\/comments?post=9806"}],"version-history":[{"count":7,"href":"https:\/\/www.policiadelneuquen.gob.ar\/index.php\/wp-json\/wp\/v2\/posts\/9806\/revisions"}],"predecessor-version":[{"id":9823,"href":"https:\/\/www.policiadelneuquen.gob.ar\/index.php\/wp-json\/wp\/v2\/posts\/9806\/revisions\/9823"}],"wp:featuredmedia":[{"embeddable":true,"href":"https:\/\/www.policiadelneuquen.gob.ar\/index.php\/wp-json\/wp\/v2\/media\/9467"}],"wp:attachment":[{"href":"https:\/\/www.policiadelneuquen.gob.ar\/index.php\/wp-json\/wp\/v2\/media?parent=9806"}],"wp:term":[{"taxonomy":"category","embeddable":true,"href":"https:\/\/www.policiadelneuquen.gob.ar\/index.php\/wp-json\/wp\/v2\/categories?post=9806"},{"taxonomy":"post_tag","embeddable":true,"href":"https:\/\/www.policiadelneuquen.gob.ar\/index.php\/wp-json\/wp\/v2\/tags?post=9806"}],"curies":[{"name":"wp","href":"https:\/\/api.w.org\/{rel}","templated":true}]}}